{"id":823,"date":"2020-12-23T08:30:45","date_gmt":"2020-12-23T07:30:45","guid":{"rendered":"https:\/\/www.sdis-etraz-region.ch\/?p=823"},"modified":"2022-07-13T18:45:22","modified_gmt":"2022-07-13T17:45:22","slug":"joyeuses-fetes","status":"publish","type":"post","link":"https:\/\/www.sdis-etraz-region.ch\/index.php\/2020\/12\/23\/joyeuses-fetes\/","title":{"rendered":"Joyeuses f\u00eates!"},"content":{"rendered":"<p>[vc_row][vc_column][vc_single_image image=&#8221;826&#8243; img_size=&#8221;large&#8221; add_caption=&#8221;yes&#8221; alignment=&#8221;center&#8221;][vc_empty_space][vc_column_text]2020, ann\u00e9e dont tout le monde s\u2019en souviendra, ann\u00e9e o\u00f9 tout ce qui se passait habituellement, tout ce qui \u00e9tait programm\u00e9 a \u00e9t\u00e9 chamboul\u00e9. Il a fallu s\u2019adapter, se r\u00e9inventer, changer ses habitudes.<span class=\"Apple-converted-space\">\u00a0<\/span><\/p>\n<p>De nouvelles r\u00e8gles doivent \u00eatre appliqu\u00e9es telles que l\u2019utilisation de gel hydroalcoolique, la distanciation physique, ne plus serrer de mains, ne plus se prendre dans les bras, ne plus faire la bise&#8230; une ann\u00e9e particuli\u00e8re \u00e9galement pour les sapeurs-pompiers du SDIS Etraz-R\u00e9gion, qui ont d\u00fb annuler la plupart des exercices et cours de formation. Ils sont toutefois rest\u00e9s op\u00e9rationnels et le sont toujours durant la p\u00e9riode des f\u00eates de fin d\u2019ann\u00e9e. Ils le seront \u00e9galement tout au long de 2021.<span class=\"Apple-converted-space\">\u00a0<\/span><\/p>\n<p>Malgr\u00e9 la situation actuelle, tous les sapeurs-pompiers du SDIS Etraz-R\u00e9gion vous souhaitent de Joyeuses F\u00eates de fin d\u2019ann\u00e9e.<\/p>\n<p>Prenez soin de vous![\/vc_column_text][vc_empty_space][vc_column_text]N&#8217;h\u00e9sitez pas \u00e0 consulter la page sur la pr\u00e9vention des incendies en hiver, en cliquant <a href=\"https:\/\/www.sdis-etraz-region.ch\/index.php\/prevention\/hiver\/\" target=\"_blank\" rel=\"noopener noreferrer\">ici<\/a>![\/vc_column_text][\/vc_column][\/vc_row]<\/p>\n","protected":false},"excerpt":{"rendered":"<p>[vc_row][vc_column][vc_single_image image=&#8221;826&#8243; img_size=&#8221;large&#8221; add_caption=&#8221;yes&#8221; alignment=&#8221;center&#8221;][vc_empty_space][vc_column_text]2020, ann\u00e9e dont tout le monde s\u2019en souviendra, ann\u00e9e o\u00f9 tout ce qui se passait habituellement, tout ce qui \u00e9tait programm\u00e9 a \u00e9t\u00e9 chamboul\u00e9. Il a fallu s\u2019adapter, se r\u00e9inventer, changer ses habitudes.\u00a0<br \/>\nDe nouvelles r\u00e8gles doivent \u00eatre appliqu\u00e9es telles que l\u2019utilisation de gel hydroalcoolique, la distanciation physique, ne plus serrer de mains, ne plus se prendre dans les bras, ne plus faire la bise&#8230; une ann\u00e9e particuli\u00e8re \u00e9galement pour les sapeurs-pompiers du SDIS Etraz-R\u00e9gion, qui ont [&#8230;]<\/p>\n","protected":false},"author":5,"featured_media":826,"comment_status":"closed","ping_status":"closed","sticky":false,"template":"","format":"standard","meta":[],"categories":[3],"tags":[30,8,68],"_links":{"self":[{"href":"https:\/\/www.sdis-etraz-region.ch\/index.php\/wp-json\/wp\/v2\/posts\/823"}],"collection":[{"href":"https:\/\/www.sdis-etraz-region.ch\/index.php\/wp-json\/wp\/v2\/posts"}],"about":[{"href":"https:\/\/www.sdis-etraz-region.ch\/index.php\/wp-json\/wp\/v2\/types\/post"}],"author":[{"embeddable":true,"href":"https:\/\/www.sdis-etraz-region.ch\/index.php\/wp-json\/wp\/v2\/users\/5"}],"replies":[{"embeddable":true,"href":"https:\/\/www.sdis-etraz-region.ch\/index.php\/wp-json\/wp\/v2\/comments?post=823"}],"version-history":[{"count":7,"href":"https:\/\/www.sdis-etraz-region.ch\/index.php\/wp-json\/wp\/v2\/posts\/823\/revisions"}],"predecessor-version":[{"id":831,"href":"https:\/\/www.sdis-etraz-region.ch\/index.php\/wp-json\/wp\/v2\/posts\/823\/revisions\/831"}],"wp:featuredmedia":[{"embeddable":true,"href":"https:\/\/www.sdis-etraz-region.ch\/index.php\/wp-json\/wp\/v2\/media\/826"}],"wp:attachment":[{"href":"https:\/\/www.sdis-etraz-region.ch\/index.php\/wp-json\/wp\/v2\/media?parent=823"}],"wp:term":[{"taxonomy":"category","embeddable":true,"href":"https:\/\/www.sdis-etraz-region.ch\/index.php\/wp-json\/wp\/v2\/categories?post=823"},{"taxonomy":"post_tag","embeddable":true,"href":"https:\/\/www.sdis-etraz-region.ch\/index.php\/wp-json\/wp\/v2\/tags?post=823"}],"curies":[{"name":"wp","href":"https:\/\/api.w.org\/{rel}","templated":true}]}}