{"id":604,"date":"2019-08-28T06:42:09","date_gmt":"2019-08-28T05:42:09","guid":{"rendered":"http:\/\/www.sdis-etraz-region.ch\/?p=604"},"modified":"2022-07-13T18:49:51","modified_gmt":"2022-07-13T17:49:51","slug":"portes-ouvertes-a-la-caserne-de-gimel","status":"publish","type":"post","link":"https:\/\/www.sdis-etraz-region.ch\/index.php\/2019\/08\/28\/portes-ouvertes-a-la-caserne-de-gimel\/","title":{"rendered":"Portes ouvertes \u00e0 la caserne de Gimel"},"content":{"rendered":"<p><span style=\"caret-color: rgb(51, 51, 51); color: rgb(51, 51, 51); font-family\" open sans font-size: font-style: normal font-variant-caps: font-weight: letter-spacing: orphans: auto text-align: start text-indent: text-transform: none white-space: widows: word-spacing: rgba background-color: rgb text-decoration: display: inline float:>Dans le cadre des 150 ans de la <\/span>F\u00e9d\u00e9ration<span style=\"caret-color: rgb(51, 51, 51); color: rgb(51, 51, 51); font-family\" open sans font-size: font-style: normal font-variant-caps: font-weight: letter-spacing: orphans: auto text-align: start text-indent: text-transform: none white-space: widows: word-spacing: rgba background-color: rgb text-decoration: display: inline float:> Suisse des Sapeurs-Pompiers (<\/span><span style=\"caret-color: rgb(51, 51, 51); color: rgb(51, 51, 51); font-family\" open sans font-size: font-style: normal font-variant-caps: font-weight: letter-spacing: orphans: auto text-align: start text-indent: text-transform: none white-space: widows: word-spacing: rgba background-color: rgb text-decoration: display: inline float:><a href=\"https:\/\/www.swissfire.ch\" target=\"_blank\" rel=\"noopener\">FSSP<\/a><\/span><span style=\"caret-color: rgb(51, 51, 51); color: rgb(51, 51, 51); font-family\" open sans font-size: font-style: normal font-variant-caps: font-weight: letter-spacing: orphans: auto text-align: start text-indent: text-transform: none white-space: widows: word-spacing: rgba background-color: rgb text-decoration: display: inline float:>), les sapeurs-pompiers de Suisse et de la Principaut\u00e9 du Liechtenstein ouvrent leurs portes et se rendent ainsi accessibles \u00e0 la population.<\/span><\/p>\n<p><span style=\"caret-color: rgb(51, 51, 51); color: rgb(51, 51, 51); font-family\" open sans font-size: font-style: normal font-variant-caps: font-weight: letter-spacing: orphans: auto text-align: start text-indent: text-transform: none white-space: widows: word-spacing: rgba background-color: rgb text-decoration: display: inline float:>A l\u2019heure actuelle, environ 650 corps de sapeurs-pompiers ont d\u00e9cid\u00e9 de participer \u00e0 cet \u00e9v\u00e9nement.<\/span><\/p>\n<p>C&#8217;est le cas du SDIS \u00c9traz-R\u00e9gion, qui participe \u00e0 l&#8217;\u00e9v\u00e9nement, en ouvrant les portes de sa caserne de Gimel.<\/p>\n<p>Venez nombreux nous rendre visite \u00e0 partir de 17h30, vendredi 30 ao\u00fbt 2019.<\/p>\n<p><img loading=\"lazy\" width=\"1242\" height=\"1752\" src=\"http:\/\/www.sdis-etraz-region.ch\/wp-content\/uploads\/2019\/08\/img_2357.jpg\" class=\"size-full wp-image-603\" srcset=\"https:\/\/www.sdis-etraz-region.ch\/wp-content\/uploads\/2019\/08\/img_2357.jpg 1242w, https:\/\/www.sdis-etraz-region.ch\/wp-content\/uploads\/2019\/08\/img_2357-213x300.jpg 213w, https:\/\/www.sdis-etraz-region.ch\/wp-content\/uploads\/2019\/08\/img_2357-726x1024.jpg 726w, https:\/\/www.sdis-etraz-region.ch\/wp-content\/uploads\/2019\/08\/img_2357-17x24.jpg 17w, https:\/\/www.sdis-etraz-region.ch\/wp-content\/uploads\/2019\/08\/img_2357-26x36.jpg 26w, https:\/\/www.sdis-etraz-region.ch\/wp-content\/uploads\/2019\/08\/img_2357-34x48.jpg 34w\" sizes=\"(max-width: 1242px) 100vw, 1242px\" \/><\/p>\n","protected":false},"excerpt":{"rendered":"<p>Dans le cadre des 150 ans de la F\u00e9d\u00e9ration Suisse des Sapeurs-Pompiers (FSSP), les sapeurs-pompiers de Suisse et de la Principaut\u00e9 du Liechtenstein ouvrent leurs portes et se rendent ainsi accessibles \u00e0 la population.<br \/>\nA l\u2019heure actuelle, environ 650 corps de sapeurs-pompiers ont d\u00e9cid\u00e9 de participer \u00e0 cet \u00e9v\u00e9nement.<br \/>\nC&#8217;est le cas du SDIS \u00c9traz-R\u00e9gion, qui participe \u00e0 l&#8217;\u00e9v\u00e9nement, en ouvrant les portes de sa caserne de Gimel.<br \/>\nVenez nombreux nous rendre visite \u00e0 partir de 17h30, vendredi 30 ao\u00fbt 2019.<br \/>\n<img loading=\"lazy\" width=\"1242\" [...]\n<\/p>\n","protected":false},"author":5,"featured_media":0,"comment_status":"closed","ping_status":"closed","sticky":false,"template":"","format":"standard","meta":[],"categories":[3],"tags":[65,19,67,70],"_links":{"self":[{"href":"https:\/\/www.sdis-etraz-region.ch\/index.php\/wp-json\/wp\/v2\/posts\/604"}],"collection":[{"href":"https:\/\/www.sdis-etraz-region.ch\/index.php\/wp-json\/wp\/v2\/posts"}],"about":[{"href":"https:\/\/www.sdis-etraz-region.ch\/index.php\/wp-json\/wp\/v2\/types\/post"}],"author":[{"embeddable":true,"href":"https:\/\/www.sdis-etraz-region.ch\/index.php\/wp-json\/wp\/v2\/users\/5"}],"replies":[{"embeddable":true,"href":"https:\/\/www.sdis-etraz-region.ch\/index.php\/wp-json\/wp\/v2\/comments?post=604"}],"version-history":[{"count":6,"href":"https:\/\/www.sdis-etraz-region.ch\/index.php\/wp-json\/wp\/v2\/posts\/604\/revisions"}],"predecessor-version":[{"id":610,"href":"https:\/\/www.sdis-etraz-region.ch\/index.php\/wp-json\/wp\/v2\/posts\/604\/revisions\/610"}],"wp:attachment":[{"href":"https:\/\/www.sdis-etraz-region.ch\/index.php\/wp-json\/wp\/v2\/media?parent=604"}],"wp:term":[{"taxonomy":"category","embeddable":true,"href":"https:\/\/www.sdis-etraz-region.ch\/index.php\/wp-json\/wp\/v2\/categories?post=604"},{"taxonomy":"post_tag","embeddable":true,"href":"https:\/\/www.sdis-etraz-region.ch\/index.php\/wp-json\/wp\/v2\/tags?post=604"}],"curies":[{"name":"wp","href":"https:\/\/api.w.org\/{rel}","templated":true}]}}