{"id":2276,"date":"2025-11-22T08:46:37","date_gmt":"2025-11-22T07:46:37","guid":{"rendered":"https:\/\/www.sdis-etraz-region.ch\/?p=2276"},"modified":"2025-11-22T08:47:06","modified_gmt":"2025-11-22T07:47:06","slug":"les-pompiers-de-gimel-se-mouillent-pour-leur-revue-2025","status":"publish","type":"post","link":"https:\/\/www.sdis-etraz-region.ch\/index.php\/2025\/11\/22\/les-pompiers-de-gimel-se-mouillent-pour-leur-revue-2025\/","title":{"rendered":"Les pompiers de Gimel se mouillent pour leur revue 2025"},"content":{"rendered":"\n<p><strong>Le samedi 25 octobre, le DPS de Gimel tenait sa traditionnelle revue annuelle. D\u00e8s 13h, l\u2019appel en fanfare, accompagn\u00e9 de la marche au drapeau, a donn\u00e9 le ton d\u2019une apr\u00e8s-midi rythm\u00e9e. Les sapeurs ont \u00e9t\u00e9 r\u00e9partis sur trois chantiers destin\u00e9s \u00e0 illustrer la diversit\u00e9 des engagements op\u00e9rationnels de secours.<\/strong><\/p>\n\n\n\n<figure class=\"wp-block-image size-large\"><a href=\"https:\/\/www.sdis-etraz-region.ch\/wp-content\/uploads\/2025\/11\/Revue_10-2025_Gimel-04-scaled.jpg\"><img loading=\"lazy\" width=\"1024\" height=\"768\" src=\"https:\/\/www.sdis-etraz-region.ch\/wp-content\/uploads\/2025\/11\/Revue_10-2025_Gimel-04-1024x768.jpg\" alt=\"\" class=\"wp-image-2278\" srcset=\"https:\/\/www.sdis-etraz-region.ch\/wp-content\/uploads\/2025\/11\/Revue_10-2025_Gimel-04-1024x768.jpg 1024w, https:\/\/www.sdis-etraz-region.ch\/wp-content\/uploads\/2025\/11\/Revue_10-2025_Gimel-04-300x225.jpg 300w, https:\/\/www.sdis-etraz-region.ch\/wp-content\/uploads\/2025\/11\/Revue_10-2025_Gimel-04-768x576.jpg 768w, https:\/\/www.sdis-etraz-region.ch\/wp-content\/uploads\/2025\/11\/Revue_10-2025_Gimel-04-1536x1152.jpg 1536w, https:\/\/www.sdis-etraz-region.ch\/wp-content\/uploads\/2025\/11\/Revue_10-2025_Gimel-04-2048x1536.jpg 2048w, https:\/\/www.sdis-etraz-region.ch\/wp-content\/uploads\/2025\/11\/Revue_10-2025_Gimel-04-24x18.jpg 24w, https:\/\/www.sdis-etraz-region.ch\/wp-content\/uploads\/2025\/11\/Revue_10-2025_Gimel-04-36x27.jpg 36w, https:\/\/www.sdis-etraz-region.ch\/wp-content\/uploads\/2025\/11\/Revue_10-2025_Gimel-04-48x36.jpg 48w\" sizes=\"(max-width: 1024px) 100vw, 1024px\" \/><\/a><\/figure>\n\n\n\n<p>R\u00e9partis sur trois postes d\u2019environ quarante-cinq minutes chacun, l\u2019exercice a permis au public et aux autorit\u00e9s de circuler durant pr\u00e8s de trois heures entre les diff\u00e9rentes d\u00e9monstrations.<\/p>\n\n\n\n<!--more-->\n\n\n\n<p>Au Coll\u00e8ge du Marais 1, le premier chantier mettait en sc\u00e8ne un feu de chaufferie, mobilisant le v\u00e9hicule Tonne-pompe 3000 Etraz 123, le v\u00e9hicule \u00e9chelle automobile Etraz 112 ainsi qu\u2019une remorque \u00e0 tuyaux. \u00c0 la caserne de Gimel, c\u2019est une d\u00e9monstration d\u2019un feu de halle industrielle qui \u00e9tait simul\u00e9, permettant d\u2019observer l\u2019engagement de v\u00e9hicule Tonne-pompe 1000 Etraz 421 de Gimel. Enfin, \u00e0 la rue des Sept-Fontaines, un accident de la circulation avec feu de v\u00e9hicule compl\u00e9tait le dispositif, impliquant le v\u00e9hicule Tonne-pompe 1000 de Bi\u00e8re Etraz 321 et les services d\u2019ambulance de mani\u00e8re collaborative.<\/p>\n\n\n\n<figure class=\"wp-block-gallery columns-3 is-cropped\"><ul class=\"blocks-gallery-grid\"><li class=\"blocks-gallery-item\"><figure><a href=\"https:\/\/www.sdis-etraz-region.ch\/wp-content\/uploads\/2025\/11\/Revue_10-2025_Gimel-16-scaled.jpg\"><img loading=\"lazy\" width=\"1024\" height=\"768\" src=\"https:\/\/www.sdis-etraz-region.ch\/wp-content\/uploads\/2025\/11\/Revue_10-2025_Gimel-16-1024x768.jpg\" alt=\"\" data-id=\"2281\" data-full-url=\"https:\/\/www.sdis-etraz-region.ch\/wp-content\/uploads\/2025\/11\/Revue_10-2025_Gimel-16-scaled.jpg\" data-link=\"https:\/\/www.sdis-etraz-region.ch\/?attachment_id=2281\" class=\"wp-image-2281\" srcset=\"https:\/\/www.sdis-etraz-region.ch\/wp-content\/uploads\/2025\/11\/Revue_10-2025_Gimel-16-1024x768.jpg 1024w, https:\/\/www.sdis-etraz-region.ch\/wp-content\/uploads\/2025\/11\/Revue_10-2025_Gimel-16-300x225.jpg 300w, https:\/\/www.sdis-etraz-region.ch\/wp-content\/uploads\/2025\/11\/Revue_10-2025_Gimel-16-768x576.jpg 768w, https:\/\/www.sdis-etraz-region.ch\/wp-content\/uploads\/2025\/11\/Revue_10-2025_Gimel-16-1536x1152.jpg 1536w, https:\/\/www.sdis-etraz-region.ch\/wp-content\/uploads\/2025\/11\/Revue_10-2025_Gimel-16-2048x1536.jpg 2048w, https:\/\/www.sdis-etraz-region.ch\/wp-content\/uploads\/2025\/11\/Revue_10-2025_Gimel-16-24x18.jpg 24w, https:\/\/www.sdis-etraz-region.ch\/wp-content\/uploads\/2025\/11\/Revue_10-2025_Gimel-16-36x27.jpg 36w, https:\/\/www.sdis-etraz-region.ch\/wp-content\/uploads\/2025\/11\/Revue_10-2025_Gimel-16-48x36.jpg 48w\" sizes=\"(max-width: 1024px) 100vw, 1024px\" \/><\/a><\/figure><\/li><li class=\"blocks-gallery-item\"><figure><a href=\"https:\/\/www.sdis-etraz-region.ch\/wp-content\/uploads\/2025\/11\/Revue_10-2025_Gimel-08-scaled.jpg\"><img loading=\"lazy\" width=\"1024\" height=\"768\" src=\"https:\/\/www.sdis-etraz-region.ch\/wp-content\/uploads\/2025\/11\/Revue_10-2025_Gimel-08-1024x768.jpg\" alt=\"\" data-id=\"2279\" data-full-url=\"https:\/\/www.sdis-etraz-region.ch\/wp-content\/uploads\/2025\/11\/Revue_10-2025_Gimel-08-scaled.jpg\" data-link=\"https:\/\/www.sdis-etraz-region.ch\/?attachment_id=2279\" class=\"wp-image-2279\" srcset=\"https:\/\/www.sdis-etraz-region.ch\/wp-content\/uploads\/2025\/11\/Revue_10-2025_Gimel-08-1024x768.jpg 1024w, https:\/\/www.sdis-etraz-region.ch\/wp-content\/uploads\/2025\/11\/Revue_10-2025_Gimel-08-300x225.jpg 300w, https:\/\/www.sdis-etraz-region.ch\/wp-content\/uploads\/2025\/11\/Revue_10-2025_Gimel-08-768x576.jpg 768w, https:\/\/www.sdis-etraz-region.ch\/wp-content\/uploads\/2025\/11\/Revue_10-2025_Gimel-08-1536x1152.jpg 1536w, https:\/\/www.sdis-etraz-region.ch\/wp-content\/uploads\/2025\/11\/Revue_10-2025_Gimel-08-2048x1536.jpg 2048w, https:\/\/www.sdis-etraz-region.ch\/wp-content\/uploads\/2025\/11\/Revue_10-2025_Gimel-08-24x18.jpg 24w, https:\/\/www.sdis-etraz-region.ch\/wp-content\/uploads\/2025\/11\/Revue_10-2025_Gimel-08-36x27.jpg 36w, https:\/\/www.sdis-etraz-region.ch\/wp-content\/uploads\/2025\/11\/Revue_10-2025_Gimel-08-48x36.jpg 48w\" sizes=\"(max-width: 1024px) 100vw, 1024px\" \/><\/a><\/figure><\/li><li class=\"blocks-gallery-item\"><figure><a href=\"https:\/\/www.sdis-etraz-region.ch\/wp-content\/uploads\/2025\/11\/Revue_10-2025_Gimel-11-scaled.jpg\"><img loading=\"lazy\" width=\"1024\" height=\"768\" src=\"https:\/\/www.sdis-etraz-region.ch\/wp-content\/uploads\/2025\/11\/Revue_10-2025_Gimel-11-1024x768.jpg\" alt=\"\" data-id=\"2280\" data-full-url=\"https:\/\/www.sdis-etraz-region.ch\/wp-content\/uploads\/2025\/11\/Revue_10-2025_Gimel-11-scaled.jpg\" data-link=\"https:\/\/www.sdis-etraz-region.ch\/?attachment_id=2280\" class=\"wp-image-2280\" srcset=\"https:\/\/www.sdis-etraz-region.ch\/wp-content\/uploads\/2025\/11\/Revue_10-2025_Gimel-11-1024x768.jpg 1024w, https:\/\/www.sdis-etraz-region.ch\/wp-content\/uploads\/2025\/11\/Revue_10-2025_Gimel-11-300x225.jpg 300w, https:\/\/www.sdis-etraz-region.ch\/wp-content\/uploads\/2025\/11\/Revue_10-2025_Gimel-11-768x576.jpg 768w, https:\/\/www.sdis-etraz-region.ch\/wp-content\/uploads\/2025\/11\/Revue_10-2025_Gimel-11-1536x1152.jpg 1536w, https:\/\/www.sdis-etraz-region.ch\/wp-content\/uploads\/2025\/11\/Revue_10-2025_Gimel-11-2048x1536.jpg 2048w, https:\/\/www.sdis-etraz-region.ch\/wp-content\/uploads\/2025\/11\/Revue_10-2025_Gimel-11-24x18.jpg 24w, https:\/\/www.sdis-etraz-region.ch\/wp-content\/uploads\/2025\/11\/Revue_10-2025_Gimel-11-36x27.jpg 36w, https:\/\/www.sdis-etraz-region.ch\/wp-content\/uploads\/2025\/11\/Revue_10-2025_Gimel-11-48x36.jpg 48w\" sizes=\"(max-width: 1024px) 100vw, 1024px\" \/><\/a><\/figure><\/li><li class=\"blocks-gallery-item\"><figure><a href=\"https:\/\/www.sdis-etraz-region.ch\/wp-content\/uploads\/2025\/11\/Revue_10-2025_Gimel-21-scaled.jpg\"><img loading=\"lazy\" width=\"1024\" height=\"768\" src=\"https:\/\/www.sdis-etraz-region.ch\/wp-content\/uploads\/2025\/11\/Revue_10-2025_Gimel-21-1024x768.jpg\" alt=\"\" data-id=\"2282\" data-full-url=\"https:\/\/www.sdis-etraz-region.ch\/wp-content\/uploads\/2025\/11\/Revue_10-2025_Gimel-21-scaled.jpg\" data-link=\"https:\/\/www.sdis-etraz-region.ch\/?attachment_id=2282\" class=\"wp-image-2282\" srcset=\"https:\/\/www.sdis-etraz-region.ch\/wp-content\/uploads\/2025\/11\/Revue_10-2025_Gimel-21-1024x768.jpg 1024w, https:\/\/www.sdis-etraz-region.ch\/wp-content\/uploads\/2025\/11\/Revue_10-2025_Gimel-21-300x225.jpg 300w, https:\/\/www.sdis-etraz-region.ch\/wp-content\/uploads\/2025\/11\/Revue_10-2025_Gimel-21-768x576.jpg 768w, https:\/\/www.sdis-etraz-region.ch\/wp-content\/uploads\/2025\/11\/Revue_10-2025_Gimel-21-1536x1152.jpg 1536w, https:\/\/www.sdis-etraz-region.ch\/wp-content\/uploads\/2025\/11\/Revue_10-2025_Gimel-21-2048x1536.jpg 2048w, https:\/\/www.sdis-etraz-region.ch\/wp-content\/uploads\/2025\/11\/Revue_10-2025_Gimel-21-24x18.jpg 24w, https:\/\/www.sdis-etraz-region.ch\/wp-content\/uploads\/2025\/11\/Revue_10-2025_Gimel-21-36x27.jpg 36w, https:\/\/www.sdis-etraz-region.ch\/wp-content\/uploads\/2025\/11\/Revue_10-2025_Gimel-21-48x36.jpg 48w\" sizes=\"(max-width: 1024px) 100vw, 1024px\" \/><\/a><\/figure><\/li><\/ul><\/figure>\n\n\n\n<p>Si la pluie s\u2019est invit\u00e9e sans retenue durant l\u2019apr\u00e8s-midi, ni la motivation ni l\u2019enthousiasme des sapeurs n\u2019en ont \u00e9t\u00e9 entam\u00e9s. Les sourires visibles sur les visages, sous les casques, t\u00e9moignaient de leur plaisir \u00e0 pr\u00e9senter leur savoir-faire, tandis que le public, fid\u00e8le au rendez-vous, suivait les d\u00e9monstrations avec int\u00e9r\u00eat.<\/p>\n\n\n\n<p>\u00c0 16h15, le cort\u00e8ge qui a travers\u00e9 le village en fanfare a rassembl\u00e9 l\u2019ensemble de la flotte de v\u00e9hicules engag\u00e9s dans les diff\u00e9rents exercices ainsi que l\u2019ensemble des sapeurs-pompiers du DPS pr\u00e9sents. La partie officielle s\u2019est ouverte \u00e0 16h30 &#8211; exceptionnellement d\u00e9plac\u00e9e \u00e0 l\u2019int\u00e9rieur de la caserne, enti\u00e8rement vid\u00e9e pour l\u2019occasion et accueillir le bataillon, la fanfare et les invit\u00e9s &#8211; a permis au chef de centre, le premier lieutenant Jo\u00ebl Jaquier, de pr\u00e9senter son rapport et revenir sur les interventions men\u00e9es durant l\u2019ann\u00e9e, les exercices r\u00e9alis\u00e9s et l\u2019ensemble des activit\u00e9s du corps. Pr\u00e9sent \u00e9galement, le capitaine Moreno Pimpinella, membre de l\u2019\u00e9tat-major du SDIS, a pris la parole et salu\u00e9 l\u2019engagement et le professionnalisme des sapeurs. S\u2019en sont suivis les remerciements du chef de centre, adress\u00e9s aux autorit\u00e9s, aux acteurs impliqu\u00e9s dans l\u2019organisation de la revue, aux sapeurs pour leur engagement constant, ainsi qu\u2019aux cadres du DPS pour leur travail et leur soutien ind\u00e9fectible. Les laur\u00e9ats des concours de l\u2019ann\u00e9e ainsi que les jubilaires ont \u00e9t\u00e9 mis \u00e0 l\u2019honneur et les v\u00e9t\u00e9rans se sont vu remettre des dipl\u00f4mes.<\/p>\n\n\n\n<figure class=\"wp-block-gallery columns-3 is-cropped\"><ul class=\"blocks-gallery-grid\"><li class=\"blocks-gallery-item\"><figure><a href=\"https:\/\/www.sdis-etraz-region.ch\/wp-content\/uploads\/2025\/11\/Revue_10-2025_Gimel-26-scaled.jpg\"><img loading=\"lazy\" width=\"1024\" height=\"768\" src=\"https:\/\/www.sdis-etraz-region.ch\/wp-content\/uploads\/2025\/11\/Revue_10-2025_Gimel-26-1024x768.jpg\" alt=\"\" data-id=\"2283\" data-full-url=\"https:\/\/www.sdis-etraz-region.ch\/wp-content\/uploads\/2025\/11\/Revue_10-2025_Gimel-26-scaled.jpg\" data-link=\"https:\/\/www.sdis-etraz-region.ch\/?attachment_id=2283\" class=\"wp-image-2283\" srcset=\"https:\/\/www.sdis-etraz-region.ch\/wp-content\/uploads\/2025\/11\/Revue_10-2025_Gimel-26-1024x768.jpg 1024w, https:\/\/www.sdis-etraz-region.ch\/wp-content\/uploads\/2025\/11\/Revue_10-2025_Gimel-26-300x225.jpg 300w, https:\/\/www.sdis-etraz-region.ch\/wp-content\/uploads\/2025\/11\/Revue_10-2025_Gimel-26-768x576.jpg 768w, https:\/\/www.sdis-etraz-region.ch\/wp-content\/uploads\/2025\/11\/Revue_10-2025_Gimel-26-1536x1152.jpg 1536w, https:\/\/www.sdis-etraz-region.ch\/wp-content\/uploads\/2025\/11\/Revue_10-2025_Gimel-26-2048x1536.jpg 2048w, https:\/\/www.sdis-etraz-region.ch\/wp-content\/uploads\/2025\/11\/Revue_10-2025_Gimel-26-24x18.jpg 24w, https:\/\/www.sdis-etraz-region.ch\/wp-content\/uploads\/2025\/11\/Revue_10-2025_Gimel-26-36x27.jpg 36w, https:\/\/www.sdis-etraz-region.ch\/wp-content\/uploads\/2025\/11\/Revue_10-2025_Gimel-26-48x36.jpg 48w\" sizes=\"(max-width: 1024px) 100vw, 1024px\" \/><\/a><\/figure><\/li><li class=\"blocks-gallery-item\"><figure><a href=\"https:\/\/www.sdis-etraz-region.ch\/wp-content\/uploads\/2025\/11\/Revue_10-2025_Gimel-27-scaled.jpg\"><img loading=\"lazy\" width=\"1024\" height=\"768\" src=\"https:\/\/www.sdis-etraz-region.ch\/wp-content\/uploads\/2025\/11\/Revue_10-2025_Gimel-27-1024x768.jpg\" alt=\"\" data-id=\"2284\" data-full-url=\"https:\/\/www.sdis-etraz-region.ch\/wp-content\/uploads\/2025\/11\/Revue_10-2025_Gimel-27-scaled.jpg\" data-link=\"https:\/\/www.sdis-etraz-region.ch\/?attachment_id=2284\" class=\"wp-image-2284\" srcset=\"https:\/\/www.sdis-etraz-region.ch\/wp-content\/uploads\/2025\/11\/Revue_10-2025_Gimel-27-1024x768.jpg 1024w, https:\/\/www.sdis-etraz-region.ch\/wp-content\/uploads\/2025\/11\/Revue_10-2025_Gimel-27-300x225.jpg 300w, https:\/\/www.sdis-etraz-region.ch\/wp-content\/uploads\/2025\/11\/Revue_10-2025_Gimel-27-768x576.jpg 768w, https:\/\/www.sdis-etraz-region.ch\/wp-content\/uploads\/2025\/11\/Revue_10-2025_Gimel-27-1536x1152.jpg 1536w, https:\/\/www.sdis-etraz-region.ch\/wp-content\/uploads\/2025\/11\/Revue_10-2025_Gimel-27-2048x1536.jpg 2048w, https:\/\/www.sdis-etraz-region.ch\/wp-content\/uploads\/2025\/11\/Revue_10-2025_Gimel-27-24x18.jpg 24w, https:\/\/www.sdis-etraz-region.ch\/wp-content\/uploads\/2025\/11\/Revue_10-2025_Gimel-27-36x27.jpg 36w, https:\/\/www.sdis-etraz-region.ch\/wp-content\/uploads\/2025\/11\/Revue_10-2025_Gimel-27-48x36.jpg 48w\" sizes=\"(max-width: 1024px) 100vw, 1024px\" \/><\/a><\/figure><\/li><li class=\"blocks-gallery-item\"><figure><a href=\"https:\/\/www.sdis-etraz-region.ch\/wp-content\/uploads\/2025\/11\/Revue_10-2025_Gimel-29-scaled.jpg\"><img loading=\"lazy\" width=\"1024\" height=\"768\" src=\"https:\/\/www.sdis-etraz-region.ch\/wp-content\/uploads\/2025\/11\/Revue_10-2025_Gimel-29-1024x768.jpg\" alt=\"\" data-id=\"2286\" data-full-url=\"https:\/\/www.sdis-etraz-region.ch\/wp-content\/uploads\/2025\/11\/Revue_10-2025_Gimel-29-scaled.jpg\" data-link=\"https:\/\/www.sdis-etraz-region.ch\/?attachment_id=2286\" class=\"wp-image-2286\" srcset=\"https:\/\/www.sdis-etraz-region.ch\/wp-content\/uploads\/2025\/11\/Revue_10-2025_Gimel-29-1024x768.jpg 1024w, https:\/\/www.sdis-etraz-region.ch\/wp-content\/uploads\/2025\/11\/Revue_10-2025_Gimel-29-300x225.jpg 300w, https:\/\/www.sdis-etraz-region.ch\/wp-content\/uploads\/2025\/11\/Revue_10-2025_Gimel-29-768x576.jpg 768w, https:\/\/www.sdis-etraz-region.ch\/wp-content\/uploads\/2025\/11\/Revue_10-2025_Gimel-29-1536x1152.jpg 1536w, https:\/\/www.sdis-etraz-region.ch\/wp-content\/uploads\/2025\/11\/Revue_10-2025_Gimel-29-2048x1536.jpg 2048w, https:\/\/www.sdis-etraz-region.ch\/wp-content\/uploads\/2025\/11\/Revue_10-2025_Gimel-29-24x18.jpg 24w, https:\/\/www.sdis-etraz-region.ch\/wp-content\/uploads\/2025\/11\/Revue_10-2025_Gimel-29-36x27.jpg 36w, https:\/\/www.sdis-etraz-region.ch\/wp-content\/uploads\/2025\/11\/Revue_10-2025_Gimel-29-48x36.jpg 48w\" sizes=\"(max-width: 1024px) 100vw, 1024px\" \/><\/a><\/figure><\/li><li class=\"blocks-gallery-item\"><figure><a href=\"https:\/\/www.sdis-etraz-region.ch\/wp-content\/uploads\/2025\/11\/Revue_10-2025_Gimel-32-scaled.jpg\"><img loading=\"lazy\" width=\"1024\" height=\"768\" src=\"https:\/\/www.sdis-etraz-region.ch\/wp-content\/uploads\/2025\/11\/Revue_10-2025_Gimel-32-1024x768.jpg\" alt=\"\" data-id=\"2287\" data-full-url=\"https:\/\/www.sdis-etraz-region.ch\/wp-content\/uploads\/2025\/11\/Revue_10-2025_Gimel-32-scaled.jpg\" data-link=\"https:\/\/www.sdis-etraz-region.ch\/?attachment_id=2287\" class=\"wp-image-2287\" srcset=\"https:\/\/www.sdis-etraz-region.ch\/wp-content\/uploads\/2025\/11\/Revue_10-2025_Gimel-32-1024x768.jpg 1024w, https:\/\/www.sdis-etraz-region.ch\/wp-content\/uploads\/2025\/11\/Revue_10-2025_Gimel-32-300x225.jpg 300w, https:\/\/www.sdis-etraz-region.ch\/wp-content\/uploads\/2025\/11\/Revue_10-2025_Gimel-32-768x576.jpg 768w, https:\/\/www.sdis-etraz-region.ch\/wp-content\/uploads\/2025\/11\/Revue_10-2025_Gimel-32-1536x1152.jpg 1536w, https:\/\/www.sdis-etraz-region.ch\/wp-content\/uploads\/2025\/11\/Revue_10-2025_Gimel-32-2048x1536.jpg 2048w, https:\/\/www.sdis-etraz-region.ch\/wp-content\/uploads\/2025\/11\/Revue_10-2025_Gimel-32-24x18.jpg 24w, https:\/\/www.sdis-etraz-region.ch\/wp-content\/uploads\/2025\/11\/Revue_10-2025_Gimel-32-36x27.jpg 36w, https:\/\/www.sdis-etraz-region.ch\/wp-content\/uploads\/2025\/11\/Revue_10-2025_Gimel-32-48x36.jpg 48w\" sizes=\"(max-width: 1024px) 100vw, 1024px\" \/><\/a><\/figure><\/li><\/ul><\/figure>\n\n\n\n<p>La journ\u00e9e s\u2019est conclue par le traditionnel verre de l\u2019amiti\u00e9, partag\u00e9 avec les invit\u00e9s et le public. Certains ont m\u00eame pu profiter de l\u2019occasion pour s\u2019essayer \u00e0 l\u2019extinction d\u2019un feu gr\u00e2ce au simulateur mis \u00e0 disposition.<\/p>\n\n\n\n<p>Malgr\u00e9 une m\u00e9t\u00e9o capricieuse, une fois encore, la revue du DPS de Gimel a su allier d\u00e9monstrations techniques, coh\u00e9sion et convivialit\u00e9, confirmant l\u2019implication, les comp\u00e9tences et l\u2019esprit d\u2019\u00e9quipe qui animent le DPS de Gimel, au service de la population.<\/p>\n","protected":false},"excerpt":{"rendered":"<p>Le samedi 25 octobre, le DPS de Gimel tenait sa traditionnelle revue annuelle. D\u00e8s 13h, l\u2019appel en fanfare, accompagn\u00e9 de la marche au drapeau, a donn\u00e9 le ton d\u2019une apr\u00e8s-midi rythm\u00e9e. Les sapeurs ont \u00e9t\u00e9 r\u00e9partis sur trois chantiers destin\u00e9s \u00e0 illustrer la diversit\u00e9 des engagements op\u00e9rationnels de secours.<\/p>\n<p><img loading=\"lazy\" width=\"1024\" height=\"768\" src=\"https:\/\/www.sdis-etraz-region.ch\/wp-content\/uploads\/2025\/11\/Revue_10-2025_Gimel-04-1024x768.jpg\" alt=\"\" class=\"wp-image-2278\" srcset=\"https:\/\/www.sdis-etraz-region.ch\/wp-content\/uploads\/2025\/11\/Revue_10-2025_Gimel-04-1024x768.jpg 1024w, https:\/\/www.sdis-etraz-region.ch\/wp-content\/uploads\/2025\/11\/Revue_10-2025_Gimel-04-300x225.jpg 300w, https:\/\/www.sdis-etraz-region.ch\/wp-content\/uploads\/2025\/11\/Revue_10-2025_Gimel-04-768x576.jpg 768w, https:\/\/www.sdis-etraz-region.ch\/wp-content\/uploads\/2025\/11\/Revue_10-2025_Gimel-04-1536x1152.jpg 1536w, https:\/\/www.sdis-etraz-region.ch\/wp-content\/uploads\/2025\/11\/Revue_10-2025_Gimel-04-2048x1536.jpg 2048w, https:\/\/www.sdis-etraz-region.ch\/wp-content\/uploads\/2025\/11\/Revue_10-2025_Gimel-04-24x18.jpg 24w, https:\/\/www.sdis-etraz-region.ch\/wp-content\/uploads\/2025\/11\/Revue_10-2025_Gimel-04-36x27.jpg 36w, https:\/\/www.sdis-etraz-region.ch\/wp-content\/uploads\/2025\/11\/Revue_10-2025_Gimel-04-48x36.jpg 48w\" sizes=\"(max-width: 1024px) 100vw, 1024px\" \/><\/p>\n<p>R\u00e9partis sur trois postes d\u2019environ [&#8230;]<\/p>\n","protected":false},"author":7,"featured_media":2278,"comment_status":"closed","ping_status":"closed","sticky":false,"template":"","format":"standard","meta":[],"categories":[3],"tags":[82,77,22],"_links":{"self":[{"href":"https:\/\/www.sdis-etraz-region.ch\/index.php\/wp-json\/wp\/v2\/posts\/2276"}],"collection":[{"href":"https:\/\/www.sdis-etraz-region.ch\/index.php\/wp-json\/wp\/v2\/posts"}],"about":[{"href":"https:\/\/www.sdis-etraz-region.ch\/index.php\/wp-json\/wp\/v2\/types\/post"}],"author":[{"embeddable":true,"href":"https:\/\/www.sdis-etraz-region.ch\/index.php\/wp-json\/wp\/v2\/users\/7"}],"replies":[{"embeddable":true,"href":"https:\/\/www.sdis-etraz-region.ch\/index.php\/wp-json\/wp\/v2\/comments?post=2276"}],"version-history":[{"count":7,"href":"https:\/\/www.sdis-etraz-region.ch\/index.php\/wp-json\/wp\/v2\/posts\/2276\/revisions"}],"predecessor-version":[{"id":2292,"href":"https:\/\/www.sdis-etraz-region.ch\/index.php\/wp-json\/wp\/v2\/posts\/2276\/revisions\/2292"}],"wp:featuredmedia":[{"embeddable":true,"href":"https:\/\/www.sdis-etraz-region.ch\/index.php\/wp-json\/wp\/v2\/media\/2278"}],"wp:attachment":[{"href":"https:\/\/www.sdis-etraz-region.ch\/index.php\/wp-json\/wp\/v2\/media?parent=2276"}],"wp:term":[{"taxonomy":"category","embeddable":true,"href":"https:\/\/www.sdis-etraz-region.ch\/index.php\/wp-json\/wp\/v2\/categories?post=2276"},{"taxonomy":"post_tag","embeddable":true,"href":"https:\/\/www.sdis-etraz-region.ch\/index.php\/wp-json\/wp\/v2\/tags?post=2276"}],"curies":[{"name":"wp","href":"https:\/\/api.w.org\/{rel}","templated":true}]}}