{"id":1829,"date":"2023-11-06T22:01:13","date_gmt":"2023-11-06T21:01:13","guid":{"rendered":"https:\/\/www.sdis-etraz-region.ch\/?p=1829"},"modified":"2023-11-06T22:22:24","modified_gmt":"2023-11-06T21:22:24","slug":"quatre-de-nos-sapeurs-pompiers-vivent-le-feu-a-la-cursa-bombers-barcelona","status":"publish","type":"post","link":"https:\/\/www.sdis-etraz-region.ch\/index.php\/2023\/11\/06\/quatre-de-nos-sapeurs-pompiers-vivent-le-feu-a-la-cursa-bombers-barcelona\/","title":{"rendered":"Quatre de nos sapeurs-pompiers vivent le feu \u00e0 la \u00ab cursa bombers Barcelona \u00bb"},"content":{"rendered":"\n<p><strong>C&#8217;est l&#8217;une des courses les plus populaires de 10 kilom\u00e8tres de la ville et lors de cette \u00e9dition 2023, ce sont quatre de nos sapeur-pompiers du SDIS Etraz-R\u00e9gion qui ont voulu relever le d\u00e9fi et qui se sont rendues pour porter nos couleurs et vivre une exp\u00e9rience exceptionnelle.<\/strong><\/p>\n\n\n\n<figure class=\"wp-block-image size-large\"><a href=\"https:\/\/www.sdis-etraz-region.ch\/wp-content\/uploads\/2023\/11\/20231022_Course_Barcelone-1_Seven_Mila-scaled.jpg\"><img loading=\"lazy\" width=\"1024\" height=\"683\" src=\"https:\/\/www.sdis-etraz-region.ch\/wp-content\/uploads\/2023\/11\/20231022_Course_Barcelone-1_Seven_Mila-1024x683.jpg\" alt=\"\" class=\"wp-image-1831\" srcset=\"https:\/\/www.sdis-etraz-region.ch\/wp-content\/uploads\/2023\/11\/20231022_Course_Barcelone-1_Seven_Mila-1024x683.jpg 1024w, https:\/\/www.sdis-etraz-region.ch\/wp-content\/uploads\/2023\/11\/20231022_Course_Barcelone-1_Seven_Mila-300x200.jpg 300w, https:\/\/www.sdis-etraz-region.ch\/wp-content\/uploads\/2023\/11\/20231022_Course_Barcelone-1_Seven_Mila-768x512.jpg 768w, https:\/\/www.sdis-etraz-region.ch\/wp-content\/uploads\/2023\/11\/20231022_Course_Barcelone-1_Seven_Mila-1536x1024.jpg 1536w, https:\/\/www.sdis-etraz-region.ch\/wp-content\/uploads\/2023\/11\/20231022_Course_Barcelone-1_Seven_Mila-2048x1365.jpg 2048w, https:\/\/www.sdis-etraz-region.ch\/wp-content\/uploads\/2023\/11\/20231022_Course_Barcelone-1_Seven_Mila-24x16.jpg 24w, https:\/\/www.sdis-etraz-region.ch\/wp-content\/uploads\/2023\/11\/20231022_Course_Barcelone-1_Seven_Mila-36x24.jpg 36w, https:\/\/www.sdis-etraz-region.ch\/wp-content\/uploads\/2023\/11\/20231022_Course_Barcelone-1_Seven_Mila-48x32.jpg 48w\" sizes=\"(max-width: 1024px) 100vw, 1024px\" \/><\/a><figcaption>Cursa bombers Barcelona \u00a9 Seven Mila<\/figcaption><\/figure>\n\n\n\n<p>En effet, dimanche 22 octobre se tenait la traditionnelle course des pompiers de Barcelone. Pour sa 24<sup>\u00e8me<\/sup> \u00e9dition, cet \u00e9v\u00e8nement sportif a \u00e0 nouveau rempli les rues de la ville avec des milliers de coureurs accompagn\u00e9s par des membres du corps des sapeurs-pompiers de Barcelone et plus largement de Catalogne.<\/p>\n\n\n\n<!--more-->\n\n\n\n<p>Avec plus de 13 500 coureurs, soit 15 % de plus qu&#8217;en 2022, cet \u00e9v\u00e8nement confirme sa position comme l&#8217;une des courses les plus fr\u00e9quent\u00e9es de la ville de Barcelone. A noter, 38,6% d\u2019inscriptions pour la cat\u00e9gorie f\u00e9minine qui est en constante augmentation. Comme chaque ann\u00e9e, les milliers de coureurs \u00e9taient accompagn\u00e9s de plus de 300 pompiers. Et comme le veut la tradition, les pompiers barcelonais\u00b7e\u00b7s \u00e9quip\u00e9s de leurs v\u00eatements de service de plus de 20 kg ont pris le premier d\u00e9part \u00e0 8h50 pour parcourir les 10 km de la course.<\/p>\n\n\n\n<figure class=\"wp-block-gallery columns-2 is-cropped\"><ul class=\"blocks-gallery-grid\"><li class=\"blocks-gallery-item\"><figure><a href=\"https:\/\/www.sdis-etraz-region.ch\/wp-content\/uploads\/2023\/11\/20231022_Course_Barcelone_Seven-Mila-01-scaled.jpg\"><img loading=\"lazy\" width=\"1024\" height=\"676\" src=\"https:\/\/www.sdis-etraz-region.ch\/wp-content\/uploads\/2023\/11\/20231022_Course_Barcelone_Seven-Mila-01-1024x676.jpg\" alt=\"\" data-id=\"1844\" data-full-url=\"https:\/\/www.sdis-etraz-region.ch\/wp-content\/uploads\/2023\/11\/20231022_Course_Barcelone_Seven-Mila-01-scaled.jpg\" data-link=\"https:\/\/www.sdis-etraz-region.ch\/?attachment_id=1844\" class=\"wp-image-1844\" srcset=\"https:\/\/www.sdis-etraz-region.ch\/wp-content\/uploads\/2023\/11\/20231022_Course_Barcelone_Seven-Mila-01-1024x676.jpg 1024w, https:\/\/www.sdis-etraz-region.ch\/wp-content\/uploads\/2023\/11\/20231022_Course_Barcelone_Seven-Mila-01-300x198.jpg 300w, https:\/\/www.sdis-etraz-region.ch\/wp-content\/uploads\/2023\/11\/20231022_Course_Barcelone_Seven-Mila-01-768x507.jpg 768w, https:\/\/www.sdis-etraz-region.ch\/wp-content\/uploads\/2023\/11\/20231022_Course_Barcelone_Seven-Mila-01-1536x1014.jpg 1536w, https:\/\/www.sdis-etraz-region.ch\/wp-content\/uploads\/2023\/11\/20231022_Course_Barcelone_Seven-Mila-01-2048x1352.jpg 2048w, https:\/\/www.sdis-etraz-region.ch\/wp-content\/uploads\/2023\/11\/20231022_Course_Barcelone_Seven-Mila-01-24x16.jpg 24w, https:\/\/www.sdis-etraz-region.ch\/wp-content\/uploads\/2023\/11\/20231022_Course_Barcelone_Seven-Mila-01-36x24.jpg 36w, https:\/\/www.sdis-etraz-region.ch\/wp-content\/uploads\/2023\/11\/20231022_Course_Barcelone_Seven-Mila-01-48x32.jpg 48w\" sizes=\"(max-width: 1024px) 100vw, 1024px\" \/><\/a><\/figure><\/li><li class=\"blocks-gallery-item\"><figure><a href=\"https:\/\/www.sdis-etraz-region.ch\/wp-content\/uploads\/2023\/11\/20231022_Course_Barcelone_Seven-Mila-02.jpg\"><img loading=\"lazy\" width=\"1024\" height=\"732\" src=\"https:\/\/www.sdis-etraz-region.ch\/wp-content\/uploads\/2023\/11\/20231022_Course_Barcelone_Seven-Mila-02-1024x732.jpg\" alt=\"\" data-id=\"1845\" data-full-url=\"https:\/\/www.sdis-etraz-region.ch\/wp-content\/uploads\/2023\/11\/20231022_Course_Barcelone_Seven-Mila-02.jpg\" data-link=\"https:\/\/www.sdis-etraz-region.ch\/?attachment_id=1845\" class=\"wp-image-1845\" srcset=\"https:\/\/www.sdis-etraz-region.ch\/wp-content\/uploads\/2023\/11\/20231022_Course_Barcelone_Seven-Mila-02-1024x732.jpg 1024w, https:\/\/www.sdis-etraz-region.ch\/wp-content\/uploads\/2023\/11\/20231022_Course_Barcelone_Seven-Mila-02-300x214.jpg 300w, https:\/\/www.sdis-etraz-region.ch\/wp-content\/uploads\/2023\/11\/20231022_Course_Barcelone_Seven-Mila-02-768x549.jpg 768w, https:\/\/www.sdis-etraz-region.ch\/wp-content\/uploads\/2023\/11\/20231022_Course_Barcelone_Seven-Mila-02-1536x1098.jpg 1536w, https:\/\/www.sdis-etraz-region.ch\/wp-content\/uploads\/2023\/11\/20231022_Course_Barcelone_Seven-Mila-02-24x17.jpg 24w, https:\/\/www.sdis-etraz-region.ch\/wp-content\/uploads\/2023\/11\/20231022_Course_Barcelone_Seven-Mila-02-36x26.jpg 36w, https:\/\/www.sdis-etraz-region.ch\/wp-content\/uploads\/2023\/11\/20231022_Course_Barcelone_Seven-Mila-02-48x34.jpg 48w, https:\/\/www.sdis-etraz-region.ch\/wp-content\/uploads\/2023\/11\/20231022_Course_Barcelone_Seven-Mila-02.jpg 2047w\" sizes=\"(max-width: 1024px) 100vw, 1024px\" \/><\/a><\/figure><\/li><\/ul><figcaption class=\"blocks-gallery-caption\">Cursa bombers Barcelona 2023 \u00a9 Seven Mila<\/figcaption><\/figure>\n\n\n\n<p><\/p>\n\n\n\n<p>De leur c\u00f4t\u00e9 nos 4 \u00ab&nbsp;bombers&nbsp;\u00bb vaudoises ont voulu relever le d\u00e9fi. Parti de l\u2019initiative d\u2019Eveline, ce sont Marine, Gabriela et Isabelle qui l\u2019ont rejoint dans ce projet un peu fou, toutes motiv\u00e9es par le sport et passionn\u00e9es du monde des pompiers. Cette course, Eve en r\u00eavait depuis longtemps et ensemble, elles avaient h\u00e2tent de vivre l\u2019\u00e9v\u00e8nement&nbsp;! Toutes t\u00e9moignent que c\u2019\u00e9tait une course incroyable, avec des camions pompiers dans tous les coins, des supporters plein les rues de Barcelone, de la musique, de la joie et de la bonne humeur !!<\/p>\n\n\n\n<p>Leur \u00e9quipe avait un seul objectif&nbsp;: participer&nbsp;! Avec des \u00e2ges et des niveaux sportifs diff\u00e9rents, elles sont rest\u00e9es solidaires, unies, jusqu&#8217;au bout&nbsp;! Marine, la plus jeune, cite \u00e0 ce propos&nbsp;: \u00ab&nbsp;seule on va plus vite, mais ensemble on va plus loin ! On \u00e9tait une vraie \u00e9quipe soud\u00e9e !&nbsp;\u00bb Des valeurs tr\u00e8s pr\u00e9sentes chez les pompiers, la solidarit\u00e9 et la camaraderie&nbsp;! D\u2019ailleurs, pour Eveline&nbsp;: \u00ab&nbsp;les pompiers c\u2019est une grande famille, m\u00eame au-del\u00e0 des fronti\u00e8res&nbsp;\u00bb. Gaby, elle, a r\u00e9alis\u00e9 la chance et le plaisir immense qu\u2019elle a eu de pouvoir visiter deux casernes et de partager ce moment de bonheur en \u00e9quipe. Pour Isa, c\u2019\u00e9tait aussi l\u2019opportunit\u00e9 de relever un nouveau d\u00e9fi. C\u2019\u00e9tait pour elle, non seulement une fa\u00e7on amusante de s&#8217;entra\u00eener et de se maintenir en bonne forme physique, mais c&#8217;\u00e9tait aussi et surtout une aventure humaine, l&#8217;occasion de renforcer les liens au sein du SDIS et de soutenir un projet pompier.<\/p>\n\n\n\n<figure class=\"wp-block-image size-large\"><a href=\"https:\/\/www.sdis-etraz-region.ch\/wp-content\/uploads\/2023\/11\/20231022_Course_Barcelone-2.jpg\"><img loading=\"lazy\" width=\"1024\" height=\"768\" src=\"https:\/\/www.sdis-etraz-region.ch\/wp-content\/uploads\/2023\/11\/20231022_Course_Barcelone-2-1024x768.jpg\" alt=\"\" class=\"wp-image-1834\" srcset=\"https:\/\/www.sdis-etraz-region.ch\/wp-content\/uploads\/2023\/11\/20231022_Course_Barcelone-2-1024x768.jpg 1024w, https:\/\/www.sdis-etraz-region.ch\/wp-content\/uploads\/2023\/11\/20231022_Course_Barcelone-2-300x225.jpg 300w, https:\/\/www.sdis-etraz-region.ch\/wp-content\/uploads\/2023\/11\/20231022_Course_Barcelone-2-768x576.jpg 768w, https:\/\/www.sdis-etraz-region.ch\/wp-content\/uploads\/2023\/11\/20231022_Course_Barcelone-2-24x18.jpg 24w, https:\/\/www.sdis-etraz-region.ch\/wp-content\/uploads\/2023\/11\/20231022_Course_Barcelone-2-36x27.jpg 36w, https:\/\/www.sdis-etraz-region.ch\/wp-content\/uploads\/2023\/11\/20231022_Course_Barcelone-2-48x36.jpg 48w, https:\/\/www.sdis-etraz-region.ch\/wp-content\/uploads\/2023\/11\/20231022_Course_Barcelone-2.jpg 1078w\" sizes=\"(max-width: 1024px) 100vw, 1024px\" \/><\/a><\/figure>\n\n\n\n<p>Elles sont rentr\u00e9es riches des \u00e9changes avec les pompiers locaux qui \u00e9taient impressionn\u00e9s et honor\u00e9s qu&#8217;elles soient venues de Suisse pour participer et qui les ont d\u2019ailleurs tr\u00e8s bien accueillies. Elles partagent aussi le souvenir de moments fantastiques, d\u2019une belle complicit\u00e9, d\u2019\u00eatre port\u00e9es par les encouragements et cette impression de faire partie de la m\u00eame famille. Elles ont \u00e9t\u00e9 unies dans cette course, rassembl\u00e9es pour une noble cause et ont fait de merveilleuses rencontres. \u00ab\u00a0Une premi\u00e8re exp\u00e9rience, en petit comit\u00e9 histoire d&#8217;\u00eatre rod\u00e9es pour l&#8217;ann\u00e9e prochaine\u00a0\u00bb nous disent-elles, afin de s&#8217;y rendre, qui sait, avec tous les motiv\u00e9s du SDIS Etraz-R\u00e9gion, une prochaine fois\u00a0peut \u00eatre ?<\/p>\n\n\n\n<figure class=\"wp-block-image size-large\"><a href=\"https:\/\/www.sdis-etraz-region.ch\/wp-content\/uploads\/2023\/11\/20231022_Course_Barcelone-3.jpg\"><img loading=\"lazy\" width=\"900\" height=\"675\" src=\"https:\/\/www.sdis-etraz-region.ch\/wp-content\/uploads\/2023\/11\/20231022_Course_Barcelone-3.jpg\" alt=\"\" class=\"wp-image-1835\" srcset=\"https:\/\/www.sdis-etraz-region.ch\/wp-content\/uploads\/2023\/11\/20231022_Course_Barcelone-3.jpg 900w, https:\/\/www.sdis-etraz-region.ch\/wp-content\/uploads\/2023\/11\/20231022_Course_Barcelone-3-300x225.jpg 300w, https:\/\/www.sdis-etraz-region.ch\/wp-content\/uploads\/2023\/11\/20231022_Course_Barcelone-3-768x576.jpg 768w, https:\/\/www.sdis-etraz-region.ch\/wp-content\/uploads\/2023\/11\/20231022_Course_Barcelone-3-24x18.jpg 24w, https:\/\/www.sdis-etraz-region.ch\/wp-content\/uploads\/2023\/11\/20231022_Course_Barcelone-3-36x27.jpg 36w, https:\/\/www.sdis-etraz-region.ch\/wp-content\/uploads\/2023\/11\/20231022_Course_Barcelone-3-48x36.jpg 48w\" sizes=\"(max-width: 900px) 100vw, 900px\" \/><\/a><\/figure>\n","protected":false},"excerpt":{"rendered":"<p>C&#8217;est l&#8217;une des courses les plus populaires de 10 kilom\u00e8tres de la ville et lors de cette \u00e9dition 2023, ce sont quatre de nos sapeur-pompiers du SDIS Etraz-R\u00e9gion qui ont voulu relever le d\u00e9fi et qui se sont rendues pour porter nos couleurs et vivre une exp\u00e9rience exceptionnelle.<\/p>\n<p><img loading=\"lazy\" width=\"1024\" height=\"683\" src=\"https:\/\/www.sdis-etraz-region.ch\/wp-content\/uploads\/2023\/11\/20231022_Course_Barcelone-1_Seven_Mila-1024x683.jpg\" alt=\"\" class=\"wp-image-1831\" srcset=\"https:\/\/www.sdis-etraz-region.ch\/wp-content\/uploads\/2023\/11\/20231022_Course_Barcelone-1_Seven_Mila-1024x683.jpg 1024w, https:\/\/www.sdis-etraz-region.ch\/wp-content\/uploads\/2023\/11\/20231022_Course_Barcelone-1_Seven_Mila-300x200.jpg 300w, https:\/\/www.sdis-etraz-region.ch\/wp-content\/uploads\/2023\/11\/20231022_Course_Barcelone-1_Seven_Mila-768x512.jpg 768w, https:\/\/www.sdis-etraz-region.ch\/wp-content\/uploads\/2023\/11\/20231022_Course_Barcelone-1_Seven_Mila-1536x1024.jpg 1536w, https:\/\/www.sdis-etraz-region.ch\/wp-content\/uploads\/2023\/11\/20231022_Course_Barcelone-1_Seven_Mila-2048x1365.jpg 2048w, https:\/\/www.sdis-etraz-region.ch\/wp-content\/uploads\/2023\/11\/20231022_Course_Barcelone-1_Seven_Mila-24x16.jpg 24w, https:\/\/www.sdis-etraz-region.ch\/wp-content\/uploads\/2023\/11\/20231022_Course_Barcelone-1_Seven_Mila-36x24.jpg 36w, https:\/\/www.sdis-etraz-region.ch\/wp-content\/uploads\/2023\/11\/20231022_Course_Barcelone-1_Seven_Mila-48x32.jpg 48w\" sizes=\"(max-width: 1024px) 100vw, 1024px\" \/>Cursa bombers Barcelona \u00a9 Seven Mila<\/p>\n<p>En [&#8230;]<\/p>\n","protected":false},"author":7,"featured_media":1831,"comment_status":"closed","ping_status":"closed","sticky":false,"template":"","format":"standard","meta":[],"categories":[3],"tags":[71,67,22],"_links":{"self":[{"href":"https:\/\/www.sdis-etraz-region.ch\/index.php\/wp-json\/wp\/v2\/posts\/1829"}],"collection":[{"href":"https:\/\/www.sdis-etraz-region.ch\/index.php\/wp-json\/wp\/v2\/posts"}],"about":[{"href":"https:\/\/www.sdis-etraz-region.ch\/index.php\/wp-json\/wp\/v2\/types\/post"}],"author":[{"embeddable":true,"href":"https:\/\/www.sdis-etraz-region.ch\/index.php\/wp-json\/wp\/v2\/users\/7"}],"replies":[{"embeddable":true,"href":"https:\/\/www.sdis-etraz-region.ch\/index.php\/wp-json\/wp\/v2\/comments?post=1829"}],"version-history":[{"count":11,"href":"https:\/\/www.sdis-etraz-region.ch\/index.php\/wp-json\/wp\/v2\/posts\/1829\/revisions"}],"predecessor-version":[{"id":1853,"href":"https:\/\/www.sdis-etraz-region.ch\/index.php\/wp-json\/wp\/v2\/posts\/1829\/revisions\/1853"}],"wp:featuredmedia":[{"embeddable":true,"href":"https:\/\/www.sdis-etraz-region.ch\/index.php\/wp-json\/wp\/v2\/media\/1831"}],"wp:attachment":[{"href":"https:\/\/www.sdis-etraz-region.ch\/index.php\/wp-json\/wp\/v2\/media?parent=1829"}],"wp:term":[{"taxonomy":"category","embeddable":true,"href":"https:\/\/www.sdis-etraz-region.ch\/index.php\/wp-json\/wp\/v2\/categories?post=1829"},{"taxonomy":"post_tag","embeddable":true,"href":"https:\/\/www.sdis-etraz-region.ch\/index.php\/wp-json\/wp\/v2\/tags?post=1829"}],"curies":[{"name":"wp","href":"https:\/\/api.w.org\/{rel}","templated":true}]}}