{"id":1515,"date":"2023-02-20T06:27:00","date_gmt":"2023-02-20T05:27:00","guid":{"rendered":"https:\/\/www.sdis-etraz-region.ch\/?p=1515"},"modified":"2023-02-19T16:29:57","modified_gmt":"2023-02-19T15:29:57","slug":"rapport-du-tls","status":"publish","type":"post","link":"https:\/\/www.sdis-etraz-region.ch\/index.php\/2023\/02\/20\/rapport-du-tls\/","title":{"rendered":"Rapport du TLS"},"content":{"rendered":"\n<p>Le mardi 7 f\u00e9vrier 2023 a eu lieu le rapport annuel du d\u00e9partement Technique et Logistique SDIS (TLS) \u00e0 la caserne d\u2019Aubonne.&nbsp;<\/p>\n\n\n\n<p>Cette soir\u00e9e \u00e9tait destin\u00e9e aux responsables mat\u00e9riel des diff\u00e9rents SDIS de la r\u00e9gion Ouest du canton de Vaud. Son but, pr\u00e9senter les activit\u00e9s qui ont eu lieu en lien avec le mat\u00e9riel en 2022 et ce qui est planifi\u00e9 dans l\u2019ann\u00e9e \u00e0 venir.&nbsp;<\/p>\n\n\n\n<figure class=\"wp-block-image size-large\"><a href=\"https:\/\/www.sdis-etraz-region.ch\/wp-content\/uploads\/2023\/02\/BERGER_E_20230207_3324-scaled.jpg\"><img loading=\"lazy\" width=\"1024\" height=\"683\" src=\"https:\/\/www.sdis-etraz-region.ch\/wp-content\/uploads\/2023\/02\/BERGER_E_20230207_3324-1024x683.jpg\" alt=\"\" class=\"wp-image-1537\" srcset=\"https:\/\/www.sdis-etraz-region.ch\/wp-content\/uploads\/2023\/02\/BERGER_E_20230207_3324-1024x683.jpg 1024w, https:\/\/www.sdis-etraz-region.ch\/wp-content\/uploads\/2023\/02\/BERGER_E_20230207_3324-300x200.jpg 300w, https:\/\/www.sdis-etraz-region.ch\/wp-content\/uploads\/2023\/02\/BERGER_E_20230207_3324-768x512.jpg 768w, https:\/\/www.sdis-etraz-region.ch\/wp-content\/uploads\/2023\/02\/BERGER_E_20230207_3324-1536x1024.jpg 1536w, https:\/\/www.sdis-etraz-region.ch\/wp-content\/uploads\/2023\/02\/BERGER_E_20230207_3324-2048x1366.jpg 2048w, https:\/\/www.sdis-etraz-region.ch\/wp-content\/uploads\/2023\/02\/BERGER_E_20230207_3324-24x16.jpg 24w, https:\/\/www.sdis-etraz-region.ch\/wp-content\/uploads\/2023\/02\/BERGER_E_20230207_3324-36x24.jpg 36w, https:\/\/www.sdis-etraz-region.ch\/wp-content\/uploads\/2023\/02\/BERGER_E_20230207_3324-48x32.jpg 48w\" sizes=\"(max-width: 1024px) 100vw, 1024px\" \/><\/a><\/figure>\n\n\n\n<!--more-->\n\n\n\n<p>Afin de r\u00e9pondre aux besoins actuels de la d\u00e9fense incendie, il est pr\u00e9sent\u00e9 de nouveaux v\u00e9hicules, mat\u00e9riels et cartes des risques destin\u00e9s \u00e0 la gestion des feux de for\u00eats.&nbsp;<\/p>\n\n\n\n<figure class=\"wp-block-image size-large\"><a href=\"https:\/\/www.sdis-etraz-region.ch\/wp-content\/uploads\/2023\/02\/BERGER_E_20230207_3325-scaled.jpg\"><img loading=\"lazy\" width=\"1024\" height=\"683\" src=\"https:\/\/www.sdis-etraz-region.ch\/wp-content\/uploads\/2023\/02\/BERGER_E_20230207_3325-1024x683.jpg\" alt=\"\" class=\"wp-image-1536\" srcset=\"https:\/\/www.sdis-etraz-region.ch\/wp-content\/uploads\/2023\/02\/BERGER_E_20230207_3325-1024x683.jpg 1024w, https:\/\/www.sdis-etraz-region.ch\/wp-content\/uploads\/2023\/02\/BERGER_E_20230207_3325-300x200.jpg 300w, https:\/\/www.sdis-etraz-region.ch\/wp-content\/uploads\/2023\/02\/BERGER_E_20230207_3325-768x512.jpg 768w, https:\/\/www.sdis-etraz-region.ch\/wp-content\/uploads\/2023\/02\/BERGER_E_20230207_3325-1536x1024.jpg 1536w, https:\/\/www.sdis-etraz-region.ch\/wp-content\/uploads\/2023\/02\/BERGER_E_20230207_3325-2048x1366.jpg 2048w, https:\/\/www.sdis-etraz-region.ch\/wp-content\/uploads\/2023\/02\/BERGER_E_20230207_3325-24x16.jpg 24w, https:\/\/www.sdis-etraz-region.ch\/wp-content\/uploads\/2023\/02\/BERGER_E_20230207_3325-36x24.jpg 36w, https:\/\/www.sdis-etraz-region.ch\/wp-content\/uploads\/2023\/02\/BERGER_E_20230207_3325-48x32.jpg 48w\" sizes=\"(max-width: 1024px) 100vw, 1024px\" \/><\/a><\/figure>\n\n\n\n<p>L\u2019information concerne \u00e9galement ce qui est lavable ou non des tenues des sapeurs-pompiers, ainsi que le rappel des dates pour les contr\u00f4les du mat\u00e9riel, puisqu\u2019une v\u00e9rification p\u00e9riodique doit \u00eatre effectu\u00e9e.&nbsp;<\/p>\n\n\n\n<p>En deuxi\u00e8me partie, un exercice pratique de d\u00e9sincarc\u00e9ration a permis de tester le nouveau mat\u00e9riel \u00e0 accu (pinces et cisailles) qui \u00e9quipera les v\u00e9hicules du secours routier.\u00a0<\/p>\n\n\n\n<figure class=\"wp-block-gallery columns-3 is-cropped\"><ul class=\"blocks-gallery-grid\"><li class=\"blocks-gallery-item\"><figure><a href=\"https:\/\/www.sdis-etraz-region.ch\/wp-content\/uploads\/2023\/02\/BERGER_E_20230207_3327-scaled.jpg\"><img loading=\"lazy\" width=\"1024\" height=\"683\" src=\"https:\/\/www.sdis-etraz-region.ch\/wp-content\/uploads\/2023\/02\/BERGER_E_20230207_3327-1024x683.jpg\" alt=\"\" data-id=\"1538\" data-full-url=\"https:\/\/www.sdis-etraz-region.ch\/wp-content\/uploads\/2023\/02\/BERGER_E_20230207_3327-scaled.jpg\" data-link=\"https:\/\/www.sdis-etraz-region.ch\/?attachment_id=1538\" class=\"wp-image-1538\" srcset=\"https:\/\/www.sdis-etraz-region.ch\/wp-content\/uploads\/2023\/02\/BERGER_E_20230207_3327-1024x683.jpg 1024w, https:\/\/www.sdis-etraz-region.ch\/wp-content\/uploads\/2023\/02\/BERGER_E_20230207_3327-300x200.jpg 300w, https:\/\/www.sdis-etraz-region.ch\/wp-content\/uploads\/2023\/02\/BERGER_E_20230207_3327-768x512.jpg 768w, https:\/\/www.sdis-etraz-region.ch\/wp-content\/uploads\/2023\/02\/BERGER_E_20230207_3327-1536x1024.jpg 1536w, https:\/\/www.sdis-etraz-region.ch\/wp-content\/uploads\/2023\/02\/BERGER_E_20230207_3327-2048x1366.jpg 2048w, https:\/\/www.sdis-etraz-region.ch\/wp-content\/uploads\/2023\/02\/BERGER_E_20230207_3327-24x16.jpg 24w, https:\/\/www.sdis-etraz-region.ch\/wp-content\/uploads\/2023\/02\/BERGER_E_20230207_3327-36x24.jpg 36w, https:\/\/www.sdis-etraz-region.ch\/wp-content\/uploads\/2023\/02\/BERGER_E_20230207_3327-48x32.jpg 48w\" sizes=\"(max-width: 1024px) 100vw, 1024px\" \/><\/a><\/figure><\/li><li class=\"blocks-gallery-item\"><figure><a href=\"https:\/\/www.sdis-etraz-region.ch\/wp-content\/uploads\/2023\/02\/BERGER_E_20230207_3338-scaled.jpg\"><img loading=\"lazy\" width=\"1024\" height=\"683\" src=\"https:\/\/www.sdis-etraz-region.ch\/wp-content\/uploads\/2023\/02\/BERGER_E_20230207_3338-1024x683.jpg\" alt=\"\" data-id=\"1539\" data-full-url=\"https:\/\/www.sdis-etraz-region.ch\/wp-content\/uploads\/2023\/02\/BERGER_E_20230207_3338-scaled.jpg\" data-link=\"https:\/\/www.sdis-etraz-region.ch\/?attachment_id=1539\" class=\"wp-image-1539\" srcset=\"https:\/\/www.sdis-etraz-region.ch\/wp-content\/uploads\/2023\/02\/BERGER_E_20230207_3338-1024x683.jpg 1024w, https:\/\/www.sdis-etraz-region.ch\/wp-content\/uploads\/2023\/02\/BERGER_E_20230207_3338-300x200.jpg 300w, https:\/\/www.sdis-etraz-region.ch\/wp-content\/uploads\/2023\/02\/BERGER_E_20230207_3338-768x512.jpg 768w, https:\/\/www.sdis-etraz-region.ch\/wp-content\/uploads\/2023\/02\/BERGER_E_20230207_3338-1536x1024.jpg 1536w, https:\/\/www.sdis-etraz-region.ch\/wp-content\/uploads\/2023\/02\/BERGER_E_20230207_3338-2048x1366.jpg 2048w, https:\/\/www.sdis-etraz-region.ch\/wp-content\/uploads\/2023\/02\/BERGER_E_20230207_3338-24x16.jpg 24w, https:\/\/www.sdis-etraz-region.ch\/wp-content\/uploads\/2023\/02\/BERGER_E_20230207_3338-36x24.jpg 36w, https:\/\/www.sdis-etraz-region.ch\/wp-content\/uploads\/2023\/02\/BERGER_E_20230207_3338-48x32.jpg 48w\" sizes=\"(max-width: 1024px) 100vw, 1024px\" \/><\/a><\/figure><\/li><li class=\"blocks-gallery-item\"><figure><a href=\"https:\/\/www.sdis-etraz-region.ch\/wp-content\/uploads\/2023\/02\/BERGER_E_20230207_3344-scaled.jpg\"><img loading=\"lazy\" width=\"1024\" height=\"683\" src=\"https:\/\/www.sdis-etraz-region.ch\/wp-content\/uploads\/2023\/02\/BERGER_E_20230207_3344-1024x683.jpg\" alt=\"\" data-id=\"1541\" data-full-url=\"https:\/\/www.sdis-etraz-region.ch\/wp-content\/uploads\/2023\/02\/BERGER_E_20230207_3344-scaled.jpg\" data-link=\"https:\/\/www.sdis-etraz-region.ch\/?attachment_id=1541\" class=\"wp-image-1541\" srcset=\"https:\/\/www.sdis-etraz-region.ch\/wp-content\/uploads\/2023\/02\/BERGER_E_20230207_3344-1024x683.jpg 1024w, https:\/\/www.sdis-etraz-region.ch\/wp-content\/uploads\/2023\/02\/BERGER_E_20230207_3344-300x200.jpg 300w, https:\/\/www.sdis-etraz-region.ch\/wp-content\/uploads\/2023\/02\/BERGER_E_20230207_3344-768x512.jpg 768w, https:\/\/www.sdis-etraz-region.ch\/wp-content\/uploads\/2023\/02\/BERGER_E_20230207_3344-1536x1024.jpg 1536w, https:\/\/www.sdis-etraz-region.ch\/wp-content\/uploads\/2023\/02\/BERGER_E_20230207_3344-2048x1366.jpg 2048w, https:\/\/www.sdis-etraz-region.ch\/wp-content\/uploads\/2023\/02\/BERGER_E_20230207_3344-24x16.jpg 24w, https:\/\/www.sdis-etraz-region.ch\/wp-content\/uploads\/2023\/02\/BERGER_E_20230207_3344-36x24.jpg 36w, https:\/\/www.sdis-etraz-region.ch\/wp-content\/uploads\/2023\/02\/BERGER_E_20230207_3344-48x32.jpg 48w\" sizes=\"(max-width: 1024px) 100vw, 1024px\" \/><\/a><\/figure><\/li><li class=\"blocks-gallery-item\"><figure><a href=\"https:\/\/www.sdis-etraz-region.ch\/wp-content\/uploads\/2023\/02\/BERGER_E_20230207_3347-scaled.jpg\"><img loading=\"lazy\" width=\"1024\" height=\"683\" src=\"https:\/\/www.sdis-etraz-region.ch\/wp-content\/uploads\/2023\/02\/BERGER_E_20230207_3347-1024x683.jpg\" alt=\"\" data-id=\"1542\" data-full-url=\"https:\/\/www.sdis-etraz-region.ch\/wp-content\/uploads\/2023\/02\/BERGER_E_20230207_3347-scaled.jpg\" data-link=\"https:\/\/www.sdis-etraz-region.ch\/?attachment_id=1542\" class=\"wp-image-1542\" srcset=\"https:\/\/www.sdis-etraz-region.ch\/wp-content\/uploads\/2023\/02\/BERGER_E_20230207_3347-1024x683.jpg 1024w, https:\/\/www.sdis-etraz-region.ch\/wp-content\/uploads\/2023\/02\/BERGER_E_20230207_3347-300x200.jpg 300w, https:\/\/www.sdis-etraz-region.ch\/wp-content\/uploads\/2023\/02\/BERGER_E_20230207_3347-768x512.jpg 768w, https:\/\/www.sdis-etraz-region.ch\/wp-content\/uploads\/2023\/02\/BERGER_E_20230207_3347-1536x1024.jpg 1536w, https:\/\/www.sdis-etraz-region.ch\/wp-content\/uploads\/2023\/02\/BERGER_E_20230207_3347-2048x1366.jpg 2048w, https:\/\/www.sdis-etraz-region.ch\/wp-content\/uploads\/2023\/02\/BERGER_E_20230207_3347-24x16.jpg 24w, https:\/\/www.sdis-etraz-region.ch\/wp-content\/uploads\/2023\/02\/BERGER_E_20230207_3347-36x24.jpg 36w, https:\/\/www.sdis-etraz-region.ch\/wp-content\/uploads\/2023\/02\/BERGER_E_20230207_3347-48x32.jpg 48w\" sizes=\"(max-width: 1024px) 100vw, 1024px\" \/><\/a><\/figure><\/li><\/ul><\/figure>\n","protected":false},"excerpt":{"rendered":"<p>Le mardi 7 f\u00e9vrier 2023 a eu lieu le rapport annuel du d\u00e9partement Technique et Logistique SDIS (TLS) \u00e0 la caserne d\u2019Aubonne.&nbsp;<\/p>\n<p>Cette soir\u00e9e \u00e9tait destin\u00e9e aux responsables mat\u00e9riel des diff\u00e9rents SDIS de la r\u00e9gion Ouest du canton de Vaud. Son but, pr\u00e9senter les activit\u00e9s qui ont eu lieu en lien avec le mat\u00e9riel en 2022 et ce qui est planifi\u00e9 dans l\u2019ann\u00e9e \u00e0 venir.&nbsp;<\/p>\n<p><img loading=\"lazy\" width=\"1024\" height=\"683\" src=\"https:\/\/www.sdis-etraz-region.ch\/wp-content\/uploads\/2023\/02\/BERGER_E_20230207_3324-1024x683.jpg\" alt=\"\" class=\"wp-image-1537\" srcset=\"https:\/\/www.sdis-etraz-region.ch\/wp-content\/uploads\/2023\/02\/BERGER_E_20230207_3324-1024x683.jpg 1024w, https:\/\/www.sdis-etraz-region.ch\/wp-content\/uploads\/2023\/02\/BERGER_E_20230207_3324-300x200.jpg 300w, https:\/\/www.sdis-etraz-region.ch\/wp-content\/uploads\/2023\/02\/BERGER_E_20230207_3324-768x512.jpg 768w, https:\/\/www.sdis-etraz-region.ch\/wp-content\/uploads\/2023\/02\/BERGER_E_20230207_3324-1536x1024.jpg 1536w, https:\/\/www.sdis-etraz-region.ch\/wp-content\/uploads\/2023\/02\/BERGER_E_20230207_3324-2048x1366.jpg 2048w, [...]\n<\/p>\n","protected":false},"author":5,"featured_media":1536,"comment_status":"closed","ping_status":"closed","sticky":false,"template":"","format":"standard","meta":[],"categories":[3],"tags":[71,67,10],"_links":{"self":[{"href":"https:\/\/www.sdis-etraz-region.ch\/index.php\/wp-json\/wp\/v2\/posts\/1515"}],"collection":[{"href":"https:\/\/www.sdis-etraz-region.ch\/index.php\/wp-json\/wp\/v2\/posts"}],"about":[{"href":"https:\/\/www.sdis-etraz-region.ch\/index.php\/wp-json\/wp\/v2\/types\/post"}],"author":[{"embeddable":true,"href":"https:\/\/www.sdis-etraz-region.ch\/index.php\/wp-json\/wp\/v2\/users\/5"}],"replies":[{"embeddable":true,"href":"https:\/\/www.sdis-etraz-region.ch\/index.php\/wp-json\/wp\/v2\/comments?post=1515"}],"version-history":[{"count":4,"href":"https:\/\/www.sdis-etraz-region.ch\/index.php\/wp-json\/wp\/v2\/posts\/1515\/revisions"}],"predecessor-version":[{"id":1544,"href":"https:\/\/www.sdis-etraz-region.ch\/index.php\/wp-json\/wp\/v2\/posts\/1515\/revisions\/1544"}],"wp:featuredmedia":[{"embeddable":true,"href":"https:\/\/www.sdis-etraz-region.ch\/index.php\/wp-json\/wp\/v2\/media\/1536"}],"wp:attachment":[{"href":"https:\/\/www.sdis-etraz-region.ch\/index.php\/wp-json\/wp\/v2\/media?parent=1515"}],"wp:term":[{"taxonomy":"category","embeddable":true,"href":"https:\/\/www.sdis-etraz-region.ch\/index.php\/wp-json\/wp\/v2\/categories?post=1515"},{"taxonomy":"post_tag","embeddable":true,"href":"https:\/\/www.sdis-etraz-region.ch\/index.php\/wp-json\/wp\/v2\/tags?post=1515"}],"curies":[{"name":"wp","href":"https:\/\/api.w.org\/{rel}","templated":true}]}}