{"id":1168,"date":"2022-02-09T19:01:51","date_gmt":"2022-02-09T18:01:51","guid":{"rendered":"https:\/\/www.sdis-etraz-region.ch\/?p=1168"},"modified":"2022-02-10T08:13:28","modified_gmt":"2022-02-10T07:13:28","slug":"feu-de-cheminee-a-st-george","status":"publish","type":"post","link":"https:\/\/www.sdis-etraz-region.ch\/index.php\/2022\/02\/09\/feu-de-cheminee-a-st-george\/","title":{"rendered":"Feu de chemin\u00e9e \u00e0 St-George"},"content":{"rendered":"\n<figure class=\"wp-block-image size-large\"><a href=\"https:\/\/www.sdis-etraz-region.ch\/wp-content\/uploads\/2022\/02\/feu_02-2022_St-George-1-scaled.jpg\"><img loading=\"lazy\" width=\"1024\" height=\"768\" src=\"https:\/\/www.sdis-etraz-region.ch\/wp-content\/uploads\/2022\/02\/feu_02-2022_St-George-1-1024x768.jpg\" alt=\"\" class=\"wp-image-1170\" srcset=\"https:\/\/www.sdis-etraz-region.ch\/wp-content\/uploads\/2022\/02\/feu_02-2022_St-George-1-1024x768.jpg 1024w, https:\/\/www.sdis-etraz-region.ch\/wp-content\/uploads\/2022\/02\/feu_02-2022_St-George-1-300x225.jpg 300w, https:\/\/www.sdis-etraz-region.ch\/wp-content\/uploads\/2022\/02\/feu_02-2022_St-George-1-768x576.jpg 768w, https:\/\/www.sdis-etraz-region.ch\/wp-content\/uploads\/2022\/02\/feu_02-2022_St-George-1-1536x1152.jpg 1536w, https:\/\/www.sdis-etraz-region.ch\/wp-content\/uploads\/2022\/02\/feu_02-2022_St-George-1-2048x1536.jpg 2048w, https:\/\/www.sdis-etraz-region.ch\/wp-content\/uploads\/2022\/02\/feu_02-2022_St-George-1-24x18.jpg 24w, https:\/\/www.sdis-etraz-region.ch\/wp-content\/uploads\/2022\/02\/feu_02-2022_St-George-1-36x27.jpg 36w, https:\/\/www.sdis-etraz-region.ch\/wp-content\/uploads\/2022\/02\/feu_02-2022_St-George-1-48x36.jpg 48w\" sizes=\"(max-width: 1024px) 100vw, 1024px\" \/><\/a><\/figure>\n\n\n\n<p><strong>En fin de journ\u00e9e, vendredi pass\u00e9, il est 17h04 quand le centre de traitement des alarmes d\u00e9clenche la mobilisation d&#8217;une vingtaine de pompiers de l&#8217;Etraz-R\u00e9gion. Les pagers et t\u00e9l\u00e9phones sonnent pour informer nos sapeurs qu&#8217;un feu de chemin\u00e9e s&#8217;est d\u00e9clar\u00e9 \u00e0 St-George. Les v\u00e9hicules se remplissent dans la foul\u00e9e et mettent tout en \u0153uvre pour intervenir sur le sinistre dans les meilleurs d\u00e9lais.<\/strong> <\/p>\n\n\n\n<p>Le TP (tonne-pompe) du centre DPS de Gimel est engag\u00e9 avec 5 sapeurs \u00e0 bord ainsi que l&#8217;officier de service depuis Aubonne qui arrivent presque en m\u00eame temps sur le lieu d&#8217;intervention. Suit de pr\u00e8s le VEA (V\u00e9hicule \u00e9chelle automobile) avec son \u00e9quipage au complet ainsi que le v\u00e9hicule modulaire en provenance du DPS d&#8217;Aubonne. Le v\u00e9hicule tout usage (VTU) du DAP de Longirod compl\u00e8te rapidement l&#8217;\u00e9quipe avec 2 sapeurs. Sont donc pr\u00e9sents sur le sinistre pas moins de 18 hommes et femmes du SDIS.  <\/p>\n\n\n\n<!--more-->\n\n\n\n<p>Rapidement, le chef d&#8217;engin TP et les porteurs d&#8217;appareils de protection respiratoire (APR) se rendent dans l&#8217;appartement pour \u00e9valuer la situation \u00e0 l&#8217;aide de la cam\u00e9ra thermique. Sur les lieux, les habitants ont d\u00e9j\u00e0 eu le bon reflex de retirer les braises et d&#8217;a\u00e9rer les locaux. Sans flamme apparente, les premi\u00e8res mesures sont mises en place par le chef d&#8217;intervention afin de contr\u00f4ler si un foyer s&#8217;est d\u00e9velopp\u00e9 dans le canal. Il ordonne \u00e9galement d&#8217;effectuer un refroidissement pr\u00e9liminaire avec le sac \u00e0 eau dans la chemin\u00e9e et d&#8217;assurer une baisse notable de la temp\u00e9rature interne. Dans le m\u00eame temps, par mesure de s\u00e9curit\u00e9 et de pr\u00e9vention, le machiniste du TP met en place l&#8217;alimentation de son v\u00e9hicule afin de pouvoir fournir de l&#8217;eau \u00e0 tout moment aux porteurs. <\/p>\n\n\n\n<p>Dans le m\u00eame intervalle, le VEA d\u00e9ploie son \u00e9chelle pour atteindre le toit afin d&#8217;aller contr\u00f4ler depuis la sortie de la chemin\u00e9e que rien ne brule. A l&#8217;aide d&#8217;un autre porteur d&#8217;APR sur la plateforme du v\u00e9hicule, un boulet est introduit dans le conduit afin de d\u00e9boucher une \u00e9ventuelle obturation et permettre une meilleure observation du canal. Les sapeurs du DAP, quand \u00e0 eux assurent la s\u00e9curit\u00e9 du site d&#8217;intervention et g\u00e8rent la circulation routi\u00e8re pour permettre le d\u00e9roulement de l&#8217;intervention dans les meilleures conditions. <\/p>\n\n\n\n<p>Sans braise apparente ni foyer observ\u00e9, les sapeurs engag\u00e9s terminent leur intervention en \u00e9liminant le bistre accumul\u00e9 et effectuent un dernier contr\u00f4le de la temp\u00e9rature. Les r\u00e9sidents sont inform\u00e9s de la n\u00e9cessit\u00e9 de refaire contr\u00f4ler leur installation par un ramoneur avant de remettre leur chemin\u00e9e en fonction, bien que leur dernier contr\u00f4le \u00e9tait \u00e0 jour. L&#8217;\u00e9quipe au complet quitte les lieux environ 2 heures apr\u00e8s leur arriv\u00e9e et retourne en caserne pour r\u00e9tablir leur mat\u00e9riel. Heureusement sans cons\u00e9quence, cette intervention aura n\u00e9cessit\u00e9 un engagement de nombreux sapeurs afin de s&#8217;assurer un maximum de s\u00e9curit\u00e9, notamment en raison du grand risque de d\u00e9veloppement. <\/p>\n\n\n\n<div class=\"wp-block-columns\">\n<div class=\"wp-block-column\" style=\"flex-basis:100%\">\n<div class=\"wp-block-group\"><div class=\"wp-block-group__inner-container\">\n<figure class=\"wp-block-image size-large\"><a href=\"https:\/\/www.sdis-etraz-region.ch\/wp-content\/uploads\/2022\/02\/feu_02-2022_St-George-9-scaled.jpg\"><img loading=\"lazy\" width=\"1024\" height=\"768\" src=\"https:\/\/www.sdis-etraz-region.ch\/wp-content\/uploads\/2022\/02\/feu_02-2022_St-George-9-1024x768.jpg\" alt=\"\" class=\"wp-image-1177\" srcset=\"https:\/\/www.sdis-etraz-region.ch\/wp-content\/uploads\/2022\/02\/feu_02-2022_St-George-9-1024x768.jpg 1024w, https:\/\/www.sdis-etraz-region.ch\/wp-content\/uploads\/2022\/02\/feu_02-2022_St-George-9-300x225.jpg 300w, https:\/\/www.sdis-etraz-region.ch\/wp-content\/uploads\/2022\/02\/feu_02-2022_St-George-9-768x576.jpg 768w, https:\/\/www.sdis-etraz-region.ch\/wp-content\/uploads\/2022\/02\/feu_02-2022_St-George-9-1536x1152.jpg 1536w, https:\/\/www.sdis-etraz-region.ch\/wp-content\/uploads\/2022\/02\/feu_02-2022_St-George-9-2048x1536.jpg 2048w, https:\/\/www.sdis-etraz-region.ch\/wp-content\/uploads\/2022\/02\/feu_02-2022_St-George-9-24x18.jpg 24w, https:\/\/www.sdis-etraz-region.ch\/wp-content\/uploads\/2022\/02\/feu_02-2022_St-George-9-36x27.jpg 36w, https:\/\/www.sdis-etraz-region.ch\/wp-content\/uploads\/2022\/02\/feu_02-2022_St-George-9-48x36.jpg 48w\" sizes=\"(max-width: 1024px) 100vw, 1024px\" \/><\/a><\/figure>\n\n\n\n<figure class=\"wp-block-image size-large\"><a href=\"https:\/\/www.sdis-etraz-region.ch\/wp-content\/uploads\/2022\/02\/feu_02-2022_St-George-5-scaled.jpg\"><img loading=\"lazy\" width=\"1024\" height=\"768\" src=\"https:\/\/www.sdis-etraz-region.ch\/wp-content\/uploads\/2022\/02\/feu_02-2022_St-George-5-1024x768.jpg\" alt=\"\" class=\"wp-image-1171\" srcset=\"https:\/\/www.sdis-etraz-region.ch\/wp-content\/uploads\/2022\/02\/feu_02-2022_St-George-5-1024x768.jpg 1024w, https:\/\/www.sdis-etraz-region.ch\/wp-content\/uploads\/2022\/02\/feu_02-2022_St-George-5-300x225.jpg 300w, https:\/\/www.sdis-etraz-region.ch\/wp-content\/uploads\/2022\/02\/feu_02-2022_St-George-5-768x576.jpg 768w, https:\/\/www.sdis-etraz-region.ch\/wp-content\/uploads\/2022\/02\/feu_02-2022_St-George-5-1536x1152.jpg 1536w, https:\/\/www.sdis-etraz-region.ch\/wp-content\/uploads\/2022\/02\/feu_02-2022_St-George-5-2048x1536.jpg 2048w, https:\/\/www.sdis-etraz-region.ch\/wp-content\/uploads\/2022\/02\/feu_02-2022_St-George-5-24x18.jpg 24w, https:\/\/www.sdis-etraz-region.ch\/wp-content\/uploads\/2022\/02\/feu_02-2022_St-George-5-36x27.jpg 36w, https:\/\/www.sdis-etraz-region.ch\/wp-content\/uploads\/2022\/02\/feu_02-2022_St-George-5-48x36.jpg 48w\" sizes=\"(max-width: 1024px) 100vw, 1024px\" \/><\/a><\/figure>\n<\/div><\/div>\n<\/div>\n<\/div>\n","protected":false},"excerpt":{"rendered":"<p><img loading=\"lazy\" width=\"1024\" height=\"768\" src=\"https:\/\/www.sdis-etraz-region.ch\/wp-content\/uploads\/2022\/02\/feu_02-2022_St-George-1-1024x768.jpg\" alt=\"\" class=\"wp-image-1170\" srcset=\"https:\/\/www.sdis-etraz-region.ch\/wp-content\/uploads\/2022\/02\/feu_02-2022_St-George-1-1024x768.jpg 1024w, https:\/\/www.sdis-etraz-region.ch\/wp-content\/uploads\/2022\/02\/feu_02-2022_St-George-1-300x225.jpg 300w, https:\/\/www.sdis-etraz-region.ch\/wp-content\/uploads\/2022\/02\/feu_02-2022_St-George-1-768x576.jpg 768w, https:\/\/www.sdis-etraz-region.ch\/wp-content\/uploads\/2022\/02\/feu_02-2022_St-George-1-1536x1152.jpg 1536w, https:\/\/www.sdis-etraz-region.ch\/wp-content\/uploads\/2022\/02\/feu_02-2022_St-George-1-2048x1536.jpg 2048w, https:\/\/www.sdis-etraz-region.ch\/wp-content\/uploads\/2022\/02\/feu_02-2022_St-George-1-24x18.jpg 24w, https:\/\/www.sdis-etraz-region.ch\/wp-content\/uploads\/2022\/02\/feu_02-2022_St-George-1-36x27.jpg 36w, https:\/\/www.sdis-etraz-region.ch\/wp-content\/uploads\/2022\/02\/feu_02-2022_St-George-1-48x36.jpg 48w\" sizes=\"(max-width: 1024px) 100vw, 1024px\" \/><\/p>\n<p>En fin de journ\u00e9e, vendredi pass\u00e9, il est 17h04 quand le centre de traitement des alarmes d\u00e9clenche la mobilisation d&#8217;une vingtaine de pompiers de l&#8217;Etraz-R\u00e9gion. Les pagers et t\u00e9l\u00e9phones sonnent pour informer nos sapeurs qu&#8217;un feu de chemin\u00e9e s&#8217;est d\u00e9clar\u00e9 \u00e0 St-George. Les v\u00e9hicules se remplissent dans la foul\u00e9e et mettent tout en [&#8230;]<\/p>\n","protected":false},"author":7,"featured_media":1170,"comment_status":"closed","ping_status":"closed","sticky":false,"template":"","format":"standard","meta":[],"categories":[3],"tags":[55,37,10,5],"_links":{"self":[{"href":"https:\/\/www.sdis-etraz-region.ch\/index.php\/wp-json\/wp\/v2\/posts\/1168"}],"collection":[{"href":"https:\/\/www.sdis-etraz-region.ch\/index.php\/wp-json\/wp\/v2\/posts"}],"about":[{"href":"https:\/\/www.sdis-etraz-region.ch\/index.php\/wp-json\/wp\/v2\/types\/post"}],"author":[{"embeddable":true,"href":"https:\/\/www.sdis-etraz-region.ch\/index.php\/wp-json\/wp\/v2\/users\/7"}],"replies":[{"embeddable":true,"href":"https:\/\/www.sdis-etraz-region.ch\/index.php\/wp-json\/wp\/v2\/comments?post=1168"}],"version-history":[{"count":14,"href":"https:\/\/www.sdis-etraz-region.ch\/index.php\/wp-json\/wp\/v2\/posts\/1168\/revisions"}],"predecessor-version":[{"id":1191,"href":"https:\/\/www.sdis-etraz-region.ch\/index.php\/wp-json\/wp\/v2\/posts\/1168\/revisions\/1191"}],"wp:featuredmedia":[{"embeddable":true,"href":"https:\/\/www.sdis-etraz-region.ch\/index.php\/wp-json\/wp\/v2\/media\/1170"}],"wp:attachment":[{"href":"https:\/\/www.sdis-etraz-region.ch\/index.php\/wp-json\/wp\/v2\/media?parent=1168"}],"wp:term":[{"taxonomy":"category","embeddable":true,"href":"https:\/\/www.sdis-etraz-region.ch\/index.php\/wp-json\/wp\/v2\/categories?post=1168"},{"taxonomy":"post_tag","embeddable":true,"href":"https:\/\/www.sdis-etraz-region.ch\/index.php\/wp-json\/wp\/v2\/tags?post=1168"}],"curies":[{"name":"wp","href":"https:\/\/api.w.org\/{rel}","templated":true}]}}