{"id":1125,"date":"2022-01-30T22:15:00","date_gmt":"2022-01-30T21:15:00","guid":{"rendered":"https:\/\/www.sdis-etraz-region.ch\/?p=1125"},"modified":"2022-01-30T22:14:44","modified_gmt":"2022-01-30T21:14:44","slug":"initiation-des-nouveaux-porteurs-dappareils-respiratoires","status":"publish","type":"post","link":"https:\/\/www.sdis-etraz-region.ch\/index.php\/2022\/01\/30\/initiation-des-nouveaux-porteurs-dappareils-respiratoires\/","title":{"rendered":"Initiation des nouveaux porteurs d&#8217;appareils respiratoires"},"content":{"rendered":"\n<figure class=\"wp-block-gallery columns-1 is-cropped\"><ul class=\"blocks-gallery-grid\"><li class=\"blocks-gallery-item\"><figure><a href=\"https:\/\/www.sdis-etraz-region.ch\/wp-content\/uploads\/2022\/01\/20220128_EDPS_APR-6-1024x768.jpg\"><img loading=\"lazy\" width=\"1024\" height=\"768\" src=\"https:\/\/www.sdis-etraz-region.ch\/wp-content\/uploads\/2022\/01\/20220128_EDPS_APR-6-1024x768.jpg\" alt=\"\" data-id=\"1131\" class=\"wp-image-1131\" srcset=\"https:\/\/www.sdis-etraz-region.ch\/wp-content\/uploads\/2022\/01\/20220128_EDPS_APR-6-1024x768.jpg 1024w, https:\/\/www.sdis-etraz-region.ch\/wp-content\/uploads\/2022\/01\/20220128_EDPS_APR-6-300x225.jpg 300w, https:\/\/www.sdis-etraz-region.ch\/wp-content\/uploads\/2022\/01\/20220128_EDPS_APR-6-768x576.jpg 768w, https:\/\/www.sdis-etraz-region.ch\/wp-content\/uploads\/2022\/01\/20220128_EDPS_APR-6-1536x1152.jpg 1536w, https:\/\/www.sdis-etraz-region.ch\/wp-content\/uploads\/2022\/01\/20220128_EDPS_APR-6-2048x1536.jpg 2048w, https:\/\/www.sdis-etraz-region.ch\/wp-content\/uploads\/2022\/01\/20220128_EDPS_APR-6-24x18.jpg 24w, https:\/\/www.sdis-etraz-region.ch\/wp-content\/uploads\/2022\/01\/20220128_EDPS_APR-6-36x27.jpg 36w, https:\/\/www.sdis-etraz-region.ch\/wp-content\/uploads\/2022\/01\/20220128_EDPS_APR-6-48x36.jpg 48w\" sizes=\"(max-width: 1024px) 100vw, 1024px\" \/><\/a><\/figure><\/li><\/ul><\/figure>\n\n\n\n<p><strong>En ce mois de janvier, les entrainements et exercices ont gentiment repris.  Ce week-end, notre \u00e9quipe de formateurs avait pr\u00e9par\u00e9 un beau programme pour nos futurs porteurs du SDIS. <\/strong><\/p>\n\n\n\n<p>Convoqu\u00e9s vendredi soir ou samedi matin, chaque jour un effectif de 6 sapeurs-pompiers s&#8217;est pr\u00e9sent\u00e9 \u00e0 la caserne de Rolle afin de travailler en petits groupes. Durant 3 heures, ils ont eu l&#8217;opportunit\u00e9 de d\u00e9couvrir le mat\u00e9riel de protection respiratoire, de passer le test de performance physique et de s&#8217;accoutumer au port de l&#8217;appareil. A cette occasion, ils ont \u00e9t\u00e9 confront\u00e9s \u00e0 tester leur capacit\u00e9 \u00e0 se mouvoir dans des situations particuli\u00e8res.<\/p>\n\n\n\n<!--more-->\n\n\n\n<p>A la suite de cette initiation, ils participeront dans les prochains mois \u00e0 une formation cantonale de 3 jours afin de se pr\u00e9parer concr\u00e8tement \u00e0 la fonction de porteur d&#8217;APR et pourront \u00eatre alarm\u00e9s pour des feux ou d&#8217;autres interventions qui n\u00e9cessitent l&#8217;engagement de l&#8217;appareil. Cette \u00e9tape valid\u00e9e, ils continueront de s&#8217;entrainer et de progresser au sein du SDIS. <\/p>\n\n\n\n<p>Nous les remercions pour leur engagement et leur souhaitons beaucoup de plaisir \u00e0 d\u00e9velopper ces nouvelles comp\u00e9tences ainsi que lors des interventions qui y feront appel. <\/p>\n\n\n\n<figure class=\"wp-block-gallery columns-2 is-cropped\"><ul class=\"blocks-gallery-grid\"><li class=\"blocks-gallery-item\"><figure><a href=\"https:\/\/www.sdis-etraz-region.ch\/wp-content\/uploads\/2022\/01\/20220128_EDPS_APR-1-scaled.jpg\"><img loading=\"lazy\" width=\"768\" height=\"1024\" src=\"https:\/\/www.sdis-etraz-region.ch\/wp-content\/uploads\/2022\/01\/20220128_EDPS_APR-1-768x1024.jpg\" alt=\"\" data-id=\"1126\" data-full-url=\"https:\/\/www.sdis-etraz-region.ch\/wp-content\/uploads\/2022\/01\/20220128_EDPS_APR-1-scaled.jpg\" data-link=\"https:\/\/www.sdis-etraz-region.ch\/?attachment_id=1126\" class=\"wp-image-1126\" srcset=\"https:\/\/www.sdis-etraz-region.ch\/wp-content\/uploads\/2022\/01\/20220128_EDPS_APR-1-768x1024.jpg 768w, https:\/\/www.sdis-etraz-region.ch\/wp-content\/uploads\/2022\/01\/20220128_EDPS_APR-1-225x300.jpg 225w, https:\/\/www.sdis-etraz-region.ch\/wp-content\/uploads\/2022\/01\/20220128_EDPS_APR-1-1152x1536.jpg 1152w, https:\/\/www.sdis-etraz-region.ch\/wp-content\/uploads\/2022\/01\/20220128_EDPS_APR-1-1536x2048.jpg 1536w, https:\/\/www.sdis-etraz-region.ch\/wp-content\/uploads\/2022\/01\/20220128_EDPS_APR-1-18x24.jpg 18w, https:\/\/www.sdis-etraz-region.ch\/wp-content\/uploads\/2022\/01\/20220128_EDPS_APR-1-27x36.jpg 27w, https:\/\/www.sdis-etraz-region.ch\/wp-content\/uploads\/2022\/01\/20220128_EDPS_APR-1-36x48.jpg 36w, https:\/\/www.sdis-etraz-region.ch\/wp-content\/uploads\/2022\/01\/20220128_EDPS_APR-1-scaled.jpg 1920w\" sizes=\"(max-width: 768px) 100vw, 768px\" \/><\/a><\/figure><\/li><li class=\"blocks-gallery-item\"><figure><a href=\"https:\/\/www.sdis-etraz-region.ch\/wp-content\/uploads\/2022\/01\/20220128_EDPS_APR-7-scaled.jpg\"><img loading=\"lazy\" width=\"768\" height=\"1024\" src=\"https:\/\/www.sdis-etraz-region.ch\/wp-content\/uploads\/2022\/01\/20220128_EDPS_APR-7-768x1024.jpg\" alt=\"\" data-id=\"1132\" data-full-url=\"https:\/\/www.sdis-etraz-region.ch\/wp-content\/uploads\/2022\/01\/20220128_EDPS_APR-7-scaled.jpg\" data-link=\"https:\/\/www.sdis-etraz-region.ch\/?attachment_id=1132\" class=\"wp-image-1132\" srcset=\"https:\/\/www.sdis-etraz-region.ch\/wp-content\/uploads\/2022\/01\/20220128_EDPS_APR-7-768x1024.jpg 768w, https:\/\/www.sdis-etraz-region.ch\/wp-content\/uploads\/2022\/01\/20220128_EDPS_APR-7-225x300.jpg 225w, https:\/\/www.sdis-etraz-region.ch\/wp-content\/uploads\/2022\/01\/20220128_EDPS_APR-7-1152x1536.jpg 1152w, https:\/\/www.sdis-etraz-region.ch\/wp-content\/uploads\/2022\/01\/20220128_EDPS_APR-7-1536x2048.jpg 1536w, https:\/\/www.sdis-etraz-region.ch\/wp-content\/uploads\/2022\/01\/20220128_EDPS_APR-7-18x24.jpg 18w, https:\/\/www.sdis-etraz-region.ch\/wp-content\/uploads\/2022\/01\/20220128_EDPS_APR-7-27x36.jpg 27w, https:\/\/www.sdis-etraz-region.ch\/wp-content\/uploads\/2022\/01\/20220128_EDPS_APR-7-36x48.jpg 36w, https:\/\/www.sdis-etraz-region.ch\/wp-content\/uploads\/2022\/01\/20220128_EDPS_APR-7-scaled.jpg 1920w\" sizes=\"(max-width: 768px) 100vw, 768px\" \/><\/a><\/figure><\/li><\/ul><\/figure>\n\n\n\n<div class=\"wp-block-columns\">\n<div class=\"wp-block-column\" style=\"flex-basis:100%\">\n<figure class=\"wp-block-image size-large\"><a href=\"https:\/\/www.sdis-etraz-region.ch\/wp-content\/uploads\/2022\/01\/20220128_EDPS_APR-2-scaled.jpg\"><img loading=\"lazy\" width=\"1024\" height=\"498\" src=\"https:\/\/www.sdis-etraz-region.ch\/wp-content\/uploads\/2022\/01\/20220128_EDPS_APR-2-1024x498.jpg\" alt=\"\" class=\"wp-image-1127\" srcset=\"https:\/\/www.sdis-etraz-region.ch\/wp-content\/uploads\/2022\/01\/20220128_EDPS_APR-2-1024x498.jpg 1024w, https:\/\/www.sdis-etraz-region.ch\/wp-content\/uploads\/2022\/01\/20220128_EDPS_APR-2-300x146.jpg 300w, https:\/\/www.sdis-etraz-region.ch\/wp-content\/uploads\/2022\/01\/20220128_EDPS_APR-2-768x373.jpg 768w, https:\/\/www.sdis-etraz-region.ch\/wp-content\/uploads\/2022\/01\/20220128_EDPS_APR-2-1536x746.jpg 1536w, https:\/\/www.sdis-etraz-region.ch\/wp-content\/uploads\/2022\/01\/20220128_EDPS_APR-2-2048x995.jpg 2048w, https:\/\/www.sdis-etraz-region.ch\/wp-content\/uploads\/2022\/01\/20220128_EDPS_APR-2-24x12.jpg 24w, https:\/\/www.sdis-etraz-region.ch\/wp-content\/uploads\/2022\/01\/20220128_EDPS_APR-2-36x17.jpg 36w, https:\/\/www.sdis-etraz-region.ch\/wp-content\/uploads\/2022\/01\/20220128_EDPS_APR-2-48x23.jpg 48w\" sizes=\"(max-width: 1024px) 100vw, 1024px\" \/><\/a><\/figure>\n<\/div>\n<\/div>\n\n\n\n<figure class=\"wp-block-gallery columns-2 is-cropped\"><ul class=\"blocks-gallery-grid\"><li class=\"blocks-gallery-item\"><figure><a href=\"https:\/\/www.sdis-etraz-region.ch\/wp-content\/uploads\/2022\/01\/20220129_EDPS_APR-2-scaled.jpg\"><img loading=\"lazy\" width=\"1024\" height=\"768\" src=\"https:\/\/www.sdis-etraz-region.ch\/wp-content\/uploads\/2022\/01\/20220129_EDPS_APR-2-1024x768.jpg\" alt=\"\" data-id=\"1130\" data-full-url=\"https:\/\/www.sdis-etraz-region.ch\/wp-content\/uploads\/2022\/01\/20220129_EDPS_APR-2-scaled.jpg\" data-link=\"https:\/\/www.sdis-etraz-region.ch\/?attachment_id=1130\" class=\"wp-image-1130\" srcset=\"https:\/\/www.sdis-etraz-region.ch\/wp-content\/uploads\/2022\/01\/20220129_EDPS_APR-2-1024x768.jpg 1024w, https:\/\/www.sdis-etraz-region.ch\/wp-content\/uploads\/2022\/01\/20220129_EDPS_APR-2-300x225.jpg 300w, https:\/\/www.sdis-etraz-region.ch\/wp-content\/uploads\/2022\/01\/20220129_EDPS_APR-2-768x576.jpg 768w, https:\/\/www.sdis-etraz-region.ch\/wp-content\/uploads\/2022\/01\/20220129_EDPS_APR-2-1536x1152.jpg 1536w, https:\/\/www.sdis-etraz-region.ch\/wp-content\/uploads\/2022\/01\/20220129_EDPS_APR-2-2048x1536.jpg 2048w, https:\/\/www.sdis-etraz-region.ch\/wp-content\/uploads\/2022\/01\/20220129_EDPS_APR-2-24x18.jpg 24w, https:\/\/www.sdis-etraz-region.ch\/wp-content\/uploads\/2022\/01\/20220129_EDPS_APR-2-36x27.jpg 36w, https:\/\/www.sdis-etraz-region.ch\/wp-content\/uploads\/2022\/01\/20220129_EDPS_APR-2-48x36.jpg 48w\" sizes=\"(max-width: 1024px) 100vw, 1024px\" \/><\/a><\/figure><\/li><li class=\"blocks-gallery-item\"><figure><a href=\"https:\/\/www.sdis-etraz-region.ch\/wp-content\/uploads\/2022\/01\/20220128_EDPS_APR-3-scaled.jpg\"><img loading=\"lazy\" width=\"1024\" height=\"768\" src=\"https:\/\/www.sdis-etraz-region.ch\/wp-content\/uploads\/2022\/01\/20220128_EDPS_APR-3-1024x768.jpg\" alt=\"\" data-id=\"1128\" data-full-url=\"https:\/\/www.sdis-etraz-region.ch\/wp-content\/uploads\/2022\/01\/20220128_EDPS_APR-3-scaled.jpg\" data-link=\"https:\/\/www.sdis-etraz-region.ch\/?attachment_id=1128\" class=\"wp-image-1128\" srcset=\"https:\/\/www.sdis-etraz-region.ch\/wp-content\/uploads\/2022\/01\/20220128_EDPS_APR-3-1024x768.jpg 1024w, https:\/\/www.sdis-etraz-region.ch\/wp-content\/uploads\/2022\/01\/20220128_EDPS_APR-3-300x225.jpg 300w, https:\/\/www.sdis-etraz-region.ch\/wp-content\/uploads\/2022\/01\/20220128_EDPS_APR-3-768x576.jpg 768w, https:\/\/www.sdis-etraz-region.ch\/wp-content\/uploads\/2022\/01\/20220128_EDPS_APR-3-1536x1152.jpg 1536w, https:\/\/www.sdis-etraz-region.ch\/wp-content\/uploads\/2022\/01\/20220128_EDPS_APR-3-2048x1536.jpg 2048w, https:\/\/www.sdis-etraz-region.ch\/wp-content\/uploads\/2022\/01\/20220128_EDPS_APR-3-24x18.jpg 24w, https:\/\/www.sdis-etraz-region.ch\/wp-content\/uploads\/2022\/01\/20220128_EDPS_APR-3-36x27.jpg 36w, https:\/\/www.sdis-etraz-region.ch\/wp-content\/uploads\/2022\/01\/20220128_EDPS_APR-3-48x36.jpg 48w\" sizes=\"(max-width: 1024px) 100vw, 1024px\" \/><\/a><\/figure><\/li><\/ul><\/figure>\n\n\n\n<p><\/p>\n","protected":false},"excerpt":{"rendered":"<p><img loading=\"lazy\" width=\"1024\" height=\"768\" src=\"https:\/\/www.sdis-etraz-region.ch\/wp-content\/uploads\/2022\/01\/20220128_EDPS_APR-6-1024x768.jpg\" alt=\"\" data-id=\"1131\" class=\"wp-image-1131\" srcset=\"https:\/\/www.sdis-etraz-region.ch\/wp-content\/uploads\/2022\/01\/20220128_EDPS_APR-6-1024x768.jpg 1024w, https:\/\/www.sdis-etraz-region.ch\/wp-content\/uploads\/2022\/01\/20220128_EDPS_APR-6-300x225.jpg 300w, https:\/\/www.sdis-etraz-region.ch\/wp-content\/uploads\/2022\/01\/20220128_EDPS_APR-6-768x576.jpg 768w, https:\/\/www.sdis-etraz-region.ch\/wp-content\/uploads\/2022\/01\/20220128_EDPS_APR-6-1536x1152.jpg 1536w, https:\/\/www.sdis-etraz-region.ch\/wp-content\/uploads\/2022\/01\/20220128_EDPS_APR-6-2048x1536.jpg 2048w, https:\/\/www.sdis-etraz-region.ch\/wp-content\/uploads\/2022\/01\/20220128_EDPS_APR-6-24x18.jpg 24w, https:\/\/www.sdis-etraz-region.ch\/wp-content\/uploads\/2022\/01\/20220128_EDPS_APR-6-36x27.jpg 36w, https:\/\/www.sdis-etraz-region.ch\/wp-content\/uploads\/2022\/01\/20220128_EDPS_APR-6-48x36.jpg 48w\" sizes=\"(max-width: 1024px) 100vw, 1024px\" \/><\/p>\n<p>En ce mois de janvier, les entrainements et exercices ont gentiment repris.  Ce week-end, notre \u00e9quipe de formateurs avait pr\u00e9par\u00e9 un beau programme pour nos futurs porteurs du SDIS. <\/p>\n<p>Convoqu\u00e9s vendredi soir ou samedi matin, chaque jour un effectif de 6 sapeurs-pompiers s&#8217;est pr\u00e9sent\u00e9 \u00e0 la caserne de Rolle afin de [&#8230;]<\/p>\n","protected":false},"author":7,"featured_media":1131,"comment_status":"closed","ping_status":"closed","sticky":false,"template":"","format":"standard","meta":[],"categories":[3],"tags":[55,56,49,9],"_links":{"self":[{"href":"https:\/\/www.sdis-etraz-region.ch\/index.php\/wp-json\/wp\/v2\/posts\/1125"}],"collection":[{"href":"https:\/\/www.sdis-etraz-region.ch\/index.php\/wp-json\/wp\/v2\/posts"}],"about":[{"href":"https:\/\/www.sdis-etraz-region.ch\/index.php\/wp-json\/wp\/v2\/types\/post"}],"author":[{"embeddable":true,"href":"https:\/\/www.sdis-etraz-region.ch\/index.php\/wp-json\/wp\/v2\/users\/7"}],"replies":[{"embeddable":true,"href":"https:\/\/www.sdis-etraz-region.ch\/index.php\/wp-json\/wp\/v2\/comments?post=1125"}],"version-history":[{"count":14,"href":"https:\/\/www.sdis-etraz-region.ch\/index.php\/wp-json\/wp\/v2\/posts\/1125\/revisions"}],"predecessor-version":[{"id":1148,"href":"https:\/\/www.sdis-etraz-region.ch\/index.php\/wp-json\/wp\/v2\/posts\/1125\/revisions\/1148"}],"wp:featuredmedia":[{"embeddable":true,"href":"https:\/\/www.sdis-etraz-region.ch\/index.php\/wp-json\/wp\/v2\/media\/1131"}],"wp:attachment":[{"href":"https:\/\/www.sdis-etraz-region.ch\/index.php\/wp-json\/wp\/v2\/media?parent=1125"}],"wp:term":[{"taxonomy":"category","embeddable":true,"href":"https:\/\/www.sdis-etraz-region.ch\/index.php\/wp-json\/wp\/v2\/categories?post=1125"},{"taxonomy":"post_tag","embeddable":true,"href":"https:\/\/www.sdis-etraz-region.ch\/index.php\/wp-json\/wp\/v2\/tags?post=1125"}],"curies":[{"name":"wp","href":"https:\/\/api.w.org\/{rel}","templated":true}]}}