{"id":1050,"date":"2021-10-16T13:39:26","date_gmt":"2021-10-16T12:39:26","guid":{"rendered":"https:\/\/www.sdis-etraz-region.ch\/?p=1050"},"modified":"2022-07-13T18:40:44","modified_gmt":"2022-07-13T17:40:44","slug":"recrutement-2021","status":"publish","type":"post","link":"https:\/\/www.sdis-etraz-region.ch\/index.php\/2021\/10\/16\/recrutement-2021\/","title":{"rendered":"Recrutement 2021"},"content":{"rendered":"\n<figure class=\"wp-block-image size-large\"><a href=\"https:\/\/www.sdis-etraz-region.ch\/wp-content\/uploads\/2021\/10\/Recrutement.jpg\"><img loading=\"lazy\" width=\"1024\" height=\"576\" src=\"https:\/\/www.sdis-etraz-region.ch\/wp-content\/uploads\/2021\/10\/Recrutement-1024x576.jpg\" alt=\"\" class=\"wp-image-1066\" srcset=\"https:\/\/www.sdis-etraz-region.ch\/wp-content\/uploads\/2021\/10\/Recrutement-1024x576.jpg 1024w, https:\/\/www.sdis-etraz-region.ch\/wp-content\/uploads\/2021\/10\/Recrutement-300x169.jpg 300w, https:\/\/www.sdis-etraz-region.ch\/wp-content\/uploads\/2021\/10\/Recrutement-768x432.jpg 768w, https:\/\/www.sdis-etraz-region.ch\/wp-content\/uploads\/2021\/10\/Recrutement-1536x863.jpg 1536w, https:\/\/www.sdis-etraz-region.ch\/wp-content\/uploads\/2021\/10\/Recrutement-24x13.jpg 24w, https:\/\/www.sdis-etraz-region.ch\/wp-content\/uploads\/2021\/10\/Recrutement-36x20.jpg 36w, https:\/\/www.sdis-etraz-region.ch\/wp-content\/uploads\/2021\/10\/Recrutement-48x27.jpg 48w, https:\/\/www.sdis-etraz-region.ch\/wp-content\/uploads\/2021\/10\/Recrutement.jpg 2048w\" sizes=\"(max-width: 1024px) 100vw, 1024px\" \/><\/a><\/figure>\n\n\n\n<p>La pand\u00e9mie du Covid-19 et le confinement en 2020 t\u2019ont fait r\u00e9fl\u00e9chir \u00e0 ta vie et au sens que tu veux lui donner?<\/p>\n\n\n\n<p>Tu te dis que tu veux offrir de ton temps \u00e0 la communaut\u00e9, que tu as envie de venir en aide aux gens, que cela soit ton voisin direct ou du village d\u2019\u00e0-c\u00f4t\u00e9?<\/p>\n\n\n\n<p class=\"has-text-align-left\"><strong>Le partage, les contacts, la vie sociale t\u2019ont manqu\u00e9?&nbsp;<\/strong><br>Si tu as r\u00e9pondu au minimum une fois \u00ab&nbsp;oui&nbsp;\u00bb \u00e0 ces questions, alors prends ton agenda et note la<strong> <\/strong>date suivante:<\/p>\n\n\n\n<h3 class=\"has-text-align-center\"><strong>4 novembre 2021<\/strong><\/h3>\n\n\n\n<div style=\"height:45px\" aria-hidden=\"true\" class=\"wp-block-spacer\"><\/div>\n\n\n\n<!--more-->\n\n\n\n<p><strong>Mais qu\u2019est-ce qu\u2019il y a \u00e0 cette date?<\/strong><br>Comme chaque premier jeudi de novembre, les sapeurs-pompiers du canton de Vaud organisent une soir\u00e9e de recrutement. Une soir\u00e9e d\u2019information \u00e0 laquelle on t\u2019expliquera en quoi cela consiste d\u2019\u00eatre sapeur-pompier volontaire, la formation que l\u2019on va te donner, combien de temps cela va durer et te prendre durant l\u2019ann\u00e9e. Bref, tout ce qui va t\u2019attendre si tu te d\u00e9cides \u00e0 rejoindre la grande famille des soldats du feu.&nbsp;<\/p>\n\n\n\n<div class=\"wp-block-image\"><figure class=\"aligncenter size-large is-resized\"><a href=\"https:\/\/www.sdis-etraz-region.ch\/wp-content\/uploads\/2021\/10\/eca_campagne_notoriete7.png\"><img loading=\"lazy\" src=\"https:\/\/www.sdis-etraz-region.ch\/wp-content\/uploads\/2021\/10\/eca_campagne_notoriete7-1024x1024.png\" alt=\"\" class=\"wp-image-1053\" width=\"440\" height=\"440\" srcset=\"https:\/\/www.sdis-etraz-region.ch\/wp-content\/uploads\/2021\/10\/eca_campagne_notoriete7-1024x1024.png 1024w, https:\/\/www.sdis-etraz-region.ch\/wp-content\/uploads\/2021\/10\/eca_campagne_notoriete7-300x300.png 300w, https:\/\/www.sdis-etraz-region.ch\/wp-content\/uploads\/2021\/10\/eca_campagne_notoriete7-150x150.png 150w, https:\/\/www.sdis-etraz-region.ch\/wp-content\/uploads\/2021\/10\/eca_campagne_notoriete7-768x768.png 768w, https:\/\/www.sdis-etraz-region.ch\/wp-content\/uploads\/2021\/10\/eca_campagne_notoriete7-24x24.png 24w, https:\/\/www.sdis-etraz-region.ch\/wp-content\/uploads\/2021\/10\/eca_campagne_notoriete7-36x36.png 36w, https:\/\/www.sdis-etraz-region.ch\/wp-content\/uploads\/2021\/10\/eca_campagne_notoriete7-48x48.png 48w, https:\/\/www.sdis-etraz-region.ch\/wp-content\/uploads\/2021\/10\/eca_campagne_notoriete7.png 1080w\" sizes=\"(max-width: 440px) 100vw, 440px\" \/><\/a><\/figure><\/div>\n\n\n\n<p><strong>J\u2019ai suscit\u00e9 ta curiosit\u00e9?&nbsp;<\/strong><br>Alors retrouves-nous dans la caserne du SDIS \u00c9traz-R\u00e9gion la plus proche de chez toi qui participe au recrutement!<\/p>\n\n\n\n<p><a rel=\"noreferrer noopener\" href=\"https:\/\/www.google.fr\/maps\/place\/La+Pi\u00e8ce+5,+1180+Rolle\/@46.4620465,6.323003,21z\/data=!4m13!1m7!3m6!1s0x478c467f7651dd71:0x410771d05bb21eaa!2sRolle!3b1!8m2!3d46.4612971!4d6.3397549!3m4!1s0x478c45d226ed81fd:0x5fe921288d789340!8m2!3d46.4619762!4d6.323118\" target=\"_blank\">Rolle<\/a> &#8211; La Pi\u00e8ce 5, 1180 Rolle<br><a rel=\"noreferrer noopener\" href=\"https:\/\/www.google.fr\/maps\/place\/Chem.+des+Liserons+15,+1170+Aubonne\/@46.4945849,6.395312,21z\/data=!4m13!1m7!3m6!1s0x478c47d555c83475:0x400ff88401941e0!2sAubonne!3b1!8m2!3d46.4953291!4d6.3918325!3m4!1s0x478c4879cbf1e279:0xaed77e42ca97361a!8m2!3d46.4946494!4d6.3953969\" target=\"_blank\">Aubonne<\/a>&nbsp;&#8211; Chemin des Liserons 15, 1170 Aubonne<br><a rel=\"noreferrer noopener\" href=\"https:\/\/www.google.fr\/maps\/place\/Service+du+feu+de+Gimel\/@46.5117229,6.3083154,20.44z\/data=!4m13!1m7!3m6!1s0x478c4fa4033d490d:0x936bf87c0f3c7a6!2s1188+Gimel!3b1!8m2!3d46.5089236!4d6.3070078!3m4!1s0x478c4f4e012d3fcd:0x56cf4a02c9a83ed2!8m2!3d46.5118254!4d6.3084567\" target=\"_blank\">Gimel<\/a> &#8211; Rue des Sept Fontaines 2, 1188 Gimel<\/p>\n\n\n\n<p><strong>C\u2019est \u00e0 quelle heure?<\/strong><br>D\u00e9but de la soir\u00e9e d\u2019information \u00e0 <strong>19h30<\/strong>. <br>Attention, la ponctualit\u00e9 est essentielle pour un pompier!<\/p>\n\n\n\n<p><strong>Conditions d&#8217;acc\u00e8s?<br><\/strong>L\u2019acc\u00e8s sera autoris\u00e9 que sur pr\u00e9sentation d\u2019un certificat Covid-19 valable.&nbsp;<br><br><strong>Tu n&#8217;en as pas? <br><\/strong>Ce n&#8217;est pas grave. Tu peux contacter sans autre le bureau du SDIS Etraz-R\u00e9gion au 021\/807 20 20 pour leur dire ton int\u00e9r\u00eat et poser tes questions.<\/p>\n\n\n\n<p><strong>Nous comptons sur toi et nous avons besoin de toi&nbsp;<\/strong><\/p>\n\n\n\n<figure class=\"wp-block-image size-large\"><a href=\"https:\/\/www.sdis-etraz-region.ch\/wp-content\/uploads\/2021\/10\/post_insta_ECA_sens_devoir.png\"><img loading=\"lazy\" width=\"1024\" height=\"1024\" src=\"https:\/\/www.sdis-etraz-region.ch\/wp-content\/uploads\/2021\/10\/post_insta_ECA_sens_devoir-1024x1024.png\" alt=\"\" class=\"wp-image-1055\" srcset=\"https:\/\/www.sdis-etraz-region.ch\/wp-content\/uploads\/2021\/10\/post_insta_ECA_sens_devoir-1024x1024.png 1024w, https:\/\/www.sdis-etraz-region.ch\/wp-content\/uploads\/2021\/10\/post_insta_ECA_sens_devoir-300x300.png 300w, https:\/\/www.sdis-etraz-region.ch\/wp-content\/uploads\/2021\/10\/post_insta_ECA_sens_devoir-150x150.png 150w, https:\/\/www.sdis-etraz-region.ch\/wp-content\/uploads\/2021\/10\/post_insta_ECA_sens_devoir-768x768.png 768w, https:\/\/www.sdis-etraz-region.ch\/wp-content\/uploads\/2021\/10\/post_insta_ECA_sens_devoir-1536x1536.png 1536w, https:\/\/www.sdis-etraz-region.ch\/wp-content\/uploads\/2021\/10\/post_insta_ECA_sens_devoir-2048x2048.png 2048w, https:\/\/www.sdis-etraz-region.ch\/wp-content\/uploads\/2021\/10\/post_insta_ECA_sens_devoir-24x24.png 24w, https:\/\/www.sdis-etraz-region.ch\/wp-content\/uploads\/2021\/10\/post_insta_ECA_sens_devoir-36x36.png 36w, https:\/\/www.sdis-etraz-region.ch\/wp-content\/uploads\/2021\/10\/post_insta_ECA_sens_devoir-48x48.png 48w\" sizes=\"(max-width: 1024px) 100vw, 1024px\" \/><\/a><\/figure>\n","protected":false},"excerpt":{"rendered":"<p><img loading=\"lazy\" width=\"1024\" height=\"576\" src=\"https:\/\/www.sdis-etraz-region.ch\/wp-content\/uploads\/2021\/10\/Recrutement-1024x576.jpg\" alt=\"\" class=\"wp-image-1066\" srcset=\"https:\/\/www.sdis-etraz-region.ch\/wp-content\/uploads\/2021\/10\/Recrutement-1024x576.jpg 1024w, https:\/\/www.sdis-etraz-region.ch\/wp-content\/uploads\/2021\/10\/Recrutement-300x169.jpg 300w, https:\/\/www.sdis-etraz-region.ch\/wp-content\/uploads\/2021\/10\/Recrutement-768x432.jpg 768w, https:\/\/www.sdis-etraz-region.ch\/wp-content\/uploads\/2021\/10\/Recrutement-1536x863.jpg 1536w, https:\/\/www.sdis-etraz-region.ch\/wp-content\/uploads\/2021\/10\/Recrutement-24x13.jpg 24w, https:\/\/www.sdis-etraz-region.ch\/wp-content\/uploads\/2021\/10\/Recrutement-36x20.jpg 36w, https:\/\/www.sdis-etraz-region.ch\/wp-content\/uploads\/2021\/10\/Recrutement-48x27.jpg 48w, https:\/\/www.sdis-etraz-region.ch\/wp-content\/uploads\/2021\/10\/Recrutement.jpg 2048w\" sizes=\"(max-width: 1024px) 100vw, 1024px\" \/><\/p>\n<p>La pand\u00e9mie du Covid-19 et le confinement en 2020 t\u2019ont fait r\u00e9fl\u00e9chir \u00e0 ta vie et au sens que tu veux lui donner?<\/p>\n<p>Tu te dis que tu veux offrir de ton temps \u00e0 la communaut\u00e9, que tu as envie de venir en aide aux gens, que cela soit ton voisin direct ou du [&#8230;]<\/p>\n","protected":false},"author":5,"featured_media":1066,"comment_status":"closed","ping_status":"closed","sticky":false,"template":"","format":"standard","meta":[],"categories":[3],"tags":[29,67,22],"_links":{"self":[{"href":"https:\/\/www.sdis-etraz-region.ch\/index.php\/wp-json\/wp\/v2\/posts\/1050"}],"collection":[{"href":"https:\/\/www.sdis-etraz-region.ch\/index.php\/wp-json\/wp\/v2\/posts"}],"about":[{"href":"https:\/\/www.sdis-etraz-region.ch\/index.php\/wp-json\/wp\/v2\/types\/post"}],"author":[{"embeddable":true,"href":"https:\/\/www.sdis-etraz-region.ch\/index.php\/wp-json\/wp\/v2\/users\/5"}],"replies":[{"embeddable":true,"href":"https:\/\/www.sdis-etraz-region.ch\/index.php\/wp-json\/wp\/v2\/comments?post=1050"}],"version-history":[{"count":12,"href":"https:\/\/www.sdis-etraz-region.ch\/index.php\/wp-json\/wp\/v2\/posts\/1050\/revisions"}],"predecessor-version":[{"id":1067,"href":"https:\/\/www.sdis-etraz-region.ch\/index.php\/wp-json\/wp\/v2\/posts\/1050\/revisions\/1067"}],"wp:featuredmedia":[{"embeddable":true,"href":"https:\/\/www.sdis-etraz-region.ch\/index.php\/wp-json\/wp\/v2\/media\/1066"}],"wp:attachment":[{"href":"https:\/\/www.sdis-etraz-region.ch\/index.php\/wp-json\/wp\/v2\/media?parent=1050"}],"wp:term":[{"taxonomy":"category","embeddable":true,"href":"https:\/\/www.sdis-etraz-region.ch\/index.php\/wp-json\/wp\/v2\/categories?post=1050"},{"taxonomy":"post_tag","embeddable":true,"href":"https:\/\/www.sdis-etraz-region.ch\/index.php\/wp-json\/wp\/v2\/tags?post=1050"}],"curies":[{"name":"wp","href":"https:\/\/api.w.org\/{rel}","templated":true}]}}